{"id":90010,"date":"2018-01-19T17:35:18","date_gmt":"2018-01-19T19:35:18","guid":{"rendered":"http:\/\/diarioregionaljf.com.br\/2018\/01\/19\/juiz-de-fora-registra-duas-mortes-de-pacientes-com-suspeita-de-febre-amarela\/"},"modified":"2018-01-19T17:35:18","modified_gmt":"2018-01-19T19:35:18","slug":"juiz-de-fora-registra-duas-mortes-de-pacientes-com-suspeita-de-febre-amarela","status":"publish","type":"post","link":"https:\/\/diarioregionaldigital.com.br\/?p=90010","title":{"rendered":"Juiz de Fora registra duas mortes de pacientes com suspeita de febre amarela"},"content":{"rendered":"<p>Um idoso de 66 anos, que estava internado no Hospital Albert Sabin com suspeita de febre amarela, morreu na noite dessa quinta-feira, 18. A assessoria de comunica\u00e7\u00e3o do hospital informou que o paciente estava internado no Centro de Terapia Intensiva (CTI) e que n\u00e3o h\u00e1 confirma\u00e7\u00e3o da doen\u00e7a no idoso, mas que o caso est\u00e1 sendo investigado.<\/p>\n<p>O paciente \u00e9 morador de um munic\u00edpio da regi\u00e3o e estava em Juiz de Fora para receber o tratamento. A confirma\u00e7\u00e3o da cidade ser\u00e1 dada no pr\u00f3ximo Boletim Epidemiol\u00f3gico da Febre Amarela em Minas, que ser\u00e1 divulgado na ter\u00e7a-feira, 23.<\/p>\n<p>&nbsp;<\/p>\n<h4>PRIMEIRA MORTE<\/h4>\n<p>A morte do idoso n\u00e3o \u00e9 a primeira de paciente com suspeita de febre amarela registrada em Juiz de Fora. Na tarde dessa quinta, por volta das 16h, um homem de 58 anos, que tamb\u00e9m foi internado com suspeita da doen\u00e7a, morreu. Conforme informa\u00e7\u00f5es da assessoria de comunica\u00e7\u00e3o da Santa Casa, onde o paciente passou por um transplante de f\u00edgado, os m\u00e9dicos aguardam o resultado dos exames para definir se o homem tinha febre amarela.<\/p>\n<p>Ele deu entrada no hospital na quarta-feira, 17, transferido do Albert Sabin, e passou pelo transplante em fun\u00e7\u00e3o de uma hepatite fulminante.<\/p>\n","protected":false},"excerpt":{"rendered":"<p>Um idoso de 66 anos, que estava internado no Hospital Albert Sabin com suspeita de febre amarela, morreu na noite dessa quinta-feira, 18. A assessoria de comunica\u00e7\u00e3o do hospital informou que o paciente estava internado no Centro de Terapia Intensiva (CTI) e que n\u00e3o h\u00e1 confirma\u00e7\u00e3o da doen\u00e7a no idoso, mas que o caso est\u00e1 [&hellip;]<\/p>\n","protected":false},"author":96,"featured_media":90009,"comment_status":"closed","ping_status":"closed","sticky":false,"template":"","format":"standard","meta":{"footnotes":""},"categories":[253],"tags":[],"class_list":["post-90010","post","type-post","status-publish","format-standard","has-post-thumbnail","hentry","category-cidade"],"_links":{"self":[{"href":"https:\/\/diarioregionaldigital.com.br\/index.php?rest_route=\/wp\/v2\/posts\/90010","targetHints":{"allow":["GET"]}}],"collection":[{"href":"https:\/\/diarioregionaldigital.com.br\/index.php?rest_route=\/wp\/v2\/posts"}],"about":[{"href":"https:\/\/diarioregionaldigital.com.br\/index.php?rest_route=\/wp\/v2\/types\/post"}],"author":[{"embeddable":true,"href":"https:\/\/diarioregionaldigital.com.br\/index.php?rest_route=\/wp\/v2\/users\/96"}],"replies":[{"embeddable":true,"href":"https:\/\/diarioregionaldigital.com.br\/index.php?rest_route=%2Fwp%2Fv2%2Fcomments&post=90010"}],"version-history":[{"count":0,"href":"https:\/\/diarioregionaldigital.com.br\/index.php?rest_route=\/wp\/v2\/posts\/90010\/revisions"}],"wp:featuredmedia":[{"embeddable":true,"href":"https:\/\/diarioregionaldigital.com.br\/index.php?rest_route=\/wp\/v2\/media\/90009"}],"wp:attachment":[{"href":"https:\/\/diarioregionaldigital.com.br\/index.php?rest_route=%2Fwp%2Fv2%2Fmedia&parent=90010"}],"wp:term":[{"taxonomy":"category","embeddable":true,"href":"https:\/\/diarioregionaldigital.com.br\/index.php?rest_route=%2Fwp%2Fv2%2Fcategories&post=90010"},{"taxonomy":"post_tag","embeddable":true,"href":"https:\/\/diarioregionaldigital.com.br\/index.php?rest_route=%2Fwp%2Fv2%2Ftags&post=90010"}],"curies":[{"name":"wp","href":"https:\/\/api.w.org\/{rel}","templated":true}]}}