{"id":90008,"date":"2018-01-19T17:27:46","date_gmt":"2018-01-19T19:27:46","guid":{"rendered":"http:\/\/diarioregionaljf.com.br\/2018\/01\/19\/suprema-corte-decidira-sobre-programa-que-protege-imigrante-ilegal\/"},"modified":"2018-01-19T17:27:46","modified_gmt":"2018-01-19T19:27:46","slug":"suprema-corte-decidira-sobre-programa-que-protege-imigrante-ilegal","status":"publish","type":"post","link":"https:\/\/diarioregionaldigital.com.br\/?p=90008","title":{"rendered":"Suprema Corte decidir\u00e1 sobre programa que protege imigrante ilegal"},"content":{"rendered":"<p>O Departamento de Justi\u00e7a dos Estados Unidos solicitou na quinta-feira, 18, que a Suprema Corte anule uma decis\u00e3o de um tribunal inferior de proteger o Daca, programa que concede vistos de estada e de trabalho por dois anos, renov\u00e1veis, aos que chegaram aos Estados Unidos de forma ilegal quando eram crian\u00e7as.<\/p>\n<p>O Daca, em vigor desde 2012, foi suspenso pelo presidente Donald Trump no ano passado. Um projeto de lei de imigra\u00e7\u00e3o foi enviado ao Congresso, que deve tomar a decis\u00e3o final sobre o futuro dos jovens benefici\u00e1rios.<\/p>\n<p>A Casa Branca recorreu contra uma decis\u00e3o proferida h\u00e1 nove dias. No dia 9 de janeiro, o juiz distrital William Alsup, de San Francisco, Calif\u00f3rnia, determinou que o Daca deve manter a prote\u00e7\u00e3o aos jovens at\u00e9 que a quest\u00e3o seja resolvida judicialmente e tamb\u00e9m no Congresso.<\/p>\n<p>O Departamento de Justi\u00e7a pediu que a Suprema Corte tome uma decis\u00e3o at\u00e9 junho. Trump revogou o Daca em setembro. A medida foi alvo de a\u00e7\u00e3o em diversos tribunais.<\/p>\n<p>O Daca beneficia cerca de 800 mil jovens que chegaram aos Estados Unidos na inf\u00e2ncia e permaneceram no pa\u00eds ilegalmente. Cerca de 76% dos benefici\u00e1rios t\u00eam origem mexicana.<\/p>\n<p>No Congresso, o futuro do programa acabou sendo usado por Republicanos e Democratas como instrumento de barganha. Donald Trump prometeu que o Daca poderia ser regulamentado se os Democratas n\u00e3o atrapalharem seus planos de construir o muro fronteiri\u00e7o com o M\u00e9xico.<\/p>\n<p>No come\u00e7o da semana, Trump disse no Twitter que o Daca provavelmente morreria porque os Democratas n\u00e3o estavam se empenhando na negocia\u00e7\u00e3o.<\/p>\n<p>Fonte: Ag\u00eancia Brasil<\/p>\n","protected":false},"excerpt":{"rendered":"<p>O Departamento de Justi\u00e7a dos Estados Unidos solicitou na quinta-feira, 18, que a Suprema Corte anule uma decis\u00e3o de um tribunal inferior de proteger o Daca, programa que concede vistos de estada e de trabalho por dois anos, renov\u00e1veis, aos que chegaram aos Estados Unidos de forma ilegal quando eram crian\u00e7as. O Daca, em vigor [&hellip;]<\/p>\n","protected":false},"author":96,"featured_media":90007,"comment_status":"closed","ping_status":"closed","sticky":false,"template":"","format":"standard","meta":{"footnotes":""},"categories":[302],"tags":[],"class_list":["post-90008","post","type-post","status-publish","format-standard","has-post-thumbnail","hentry","category-brasil-mundo"],"_links":{"self":[{"href":"https:\/\/diarioregionaldigital.com.br\/index.php?rest_route=\/wp\/v2\/posts\/90008","targetHints":{"allow":["GET"]}}],"collection":[{"href":"https:\/\/diarioregionaldigital.com.br\/index.php?rest_route=\/wp\/v2\/posts"}],"about":[{"href":"https:\/\/diarioregionaldigital.com.br\/index.php?rest_route=\/wp\/v2\/types\/post"}],"author":[{"embeddable":true,"href":"https:\/\/diarioregionaldigital.com.br\/index.php?rest_route=\/wp\/v2\/users\/96"}],"replies":[{"embeddable":true,"href":"https:\/\/diarioregionaldigital.com.br\/index.php?rest_route=%2Fwp%2Fv2%2Fcomments&post=90008"}],"version-history":[{"count":0,"href":"https:\/\/diarioregionaldigital.com.br\/index.php?rest_route=\/wp\/v2\/posts\/90008\/revisions"}],"wp:featuredmedia":[{"embeddable":true,"href":"https:\/\/diarioregionaldigital.com.br\/index.php?rest_route=\/wp\/v2\/media\/90007"}],"wp:attachment":[{"href":"https:\/\/diarioregionaldigital.com.br\/index.php?rest_route=%2Fwp%2Fv2%2Fmedia&parent=90008"}],"wp:term":[{"taxonomy":"category","embeddable":true,"href":"https:\/\/diarioregionaldigital.com.br\/index.php?rest_route=%2Fwp%2Fv2%2Fcategories&post=90008"},{"taxonomy":"post_tag","embeddable":true,"href":"https:\/\/diarioregionaldigital.com.br\/index.php?rest_route=%2Fwp%2Fv2%2Ftags&post=90008"}],"curies":[{"name":"wp","href":"https:\/\/api.w.org\/{rel}","templated":true}]}}