{"id":90006,"date":"2018-01-19T17:24:29","date_gmt":"2018-01-19T19:24:29","guid":{"rendered":"http:\/\/diarioregionaljf.com.br\/2018\/01\/19\/presidente-destituido-da-catalunha-insiste-em-governar-de-bruxelas\/"},"modified":"2018-01-19T17:24:29","modified_gmt":"2018-01-19T19:24:29","slug":"presidente-destituido-da-catalunha-insiste-em-governar-de-bruxelas","status":"publish","type":"post","link":"https:\/\/diarioregionaldigital.com.br\/?p=90006","title":{"rendered":"Presidente destitu\u00eddo da Catalunha insiste em governar de Bruxelas"},"content":{"rendered":"<p>O presidente destitu\u00eddo da Catalunha, Carles Puigdemont, declarou nessa sexta-feira, 19, em entrevista \u00e0 Catalunha R\u00e1dio, que \u00e9 poss\u00edvel governar a dist\u00e2ncia, gra\u00e7as \u00e0s novas tecnologias.<\/p>\n<p>&#8220;Entre ser presidente e ser presidi\u00e1rio, prefiro ser presidente, porque acredito que assim posso servir melhor \u00e0 Catalunha&#8221;, afirmou Puigdemont, que est\u00e1 autoexilado na B\u00e9lgica desde o final de outubro do ano passado, quando o governo espanhol o destituiu e suspendeu temporariamente a autonomia da regi\u00e3o.<\/p>\n<p>At\u00e9 o momento, Puigdemont n\u00e3o tem inten\u00e7\u00f5es de voltar \u00e0 Espanha j\u00e1 que, no pa\u00eds, pesa contra ele uma investiga\u00e7\u00e3o por crimes de rebeli\u00e3o e desvio de verbas p\u00fablicas. Caso v\u00e1 para a Espanha, ser\u00e1 imediatamente preso.<\/p>\n<p>A candidatura de Puigdemont para reassumir o cargo de presidente da Generalitat (governo catal\u00e3o) a dist\u00e2ncia \u00e9 controversa. O primeiro-ministro, Mariano Rajoy, e pol\u00edticos catal\u00e3es contra o separatismo j\u00e1 declararam que recorrer\u00e3o ao Tribunal Constitucional caso o Parlamento aceite a posse de Puigdemont.<\/p>\n<p>O partido do ex-presidente &#8211; Juntos pela Catalunha (JuntsxCAT) &#8211; analisa duas op\u00e7\u00f5es de posse a dist\u00e2ncia: ou delegando seu discurso a outro deputado, ou por skype.<\/p>\n<p>Ao ser questionado sobre a possibilidade de exercer um governo efetivo estando em outro pa\u00eds, Puigdemont afirmou que segue em constante contato com seus ex-conselheiros em Barcelona e que os grandes projetos empresariais e de investiga\u00e7\u00e3o hoje em dia s\u00e3o comandados por meio das novas tecnologias.<\/p>\n<p>Puigdemont reconheceu que essa n\u00e3o \u00e9 a situa\u00e7\u00e3o ideal, mas defendeu que pior seria governar na Espanha, pois teria que faz\u00ea-lo estando preso.<\/p>\n<p>&#8220;Espero poder me reunir o quanto antes com Roger Torrent (o novo presidente do Parlamento, eleito na \u00faltima quarta-feira). A primeira e a segunda autoridade do pa\u00eds devem se reunir para falar sobre a posse. O encontro deveria acontecer no Parlamento ou na Generalitat em circunst\u00e2ncias normais, mas a reuni\u00e3o obviamente s\u00f3 poder\u00e1 ocorrer em Bruxelas&#8221;, disse.<\/p>\n<p>Fonte: Ag\u00eancia Brasil<\/p>\n","protected":false},"excerpt":{"rendered":"<p>O presidente destitu\u00eddo da Catalunha, Carles Puigdemont, declarou nessa sexta-feira, 19, em entrevista \u00e0 Catalunha R\u00e1dio, que \u00e9 poss\u00edvel governar a dist\u00e2ncia, gra\u00e7as \u00e0s novas tecnologias. &#8220;Entre ser presidente e ser presidi\u00e1rio, prefiro ser presidente, porque acredito que assim posso servir melhor \u00e0 Catalunha&#8221;, afirmou Puigdemont, que est\u00e1 autoexilado na B\u00e9lgica desde o final de [&hellip;]<\/p>\n","protected":false},"author":96,"featured_media":90005,"comment_status":"closed","ping_status":"closed","sticky":false,"template":"","format":"standard","meta":{"footnotes":""},"categories":[302],"tags":[],"class_list":["post-90006","post","type-post","status-publish","format-standard","has-post-thumbnail","hentry","category-brasil-mundo"],"_links":{"self":[{"href":"https:\/\/diarioregionaldigital.com.br\/index.php?rest_route=\/wp\/v2\/posts\/90006","targetHints":{"allow":["GET"]}}],"collection":[{"href":"https:\/\/diarioregionaldigital.com.br\/index.php?rest_route=\/wp\/v2\/posts"}],"about":[{"href":"https:\/\/diarioregionaldigital.com.br\/index.php?rest_route=\/wp\/v2\/types\/post"}],"author":[{"embeddable":true,"href":"https:\/\/diarioregionaldigital.com.br\/index.php?rest_route=\/wp\/v2\/users\/96"}],"replies":[{"embeddable":true,"href":"https:\/\/diarioregionaldigital.com.br\/index.php?rest_route=%2Fwp%2Fv2%2Fcomments&post=90006"}],"version-history":[{"count":0,"href":"https:\/\/diarioregionaldigital.com.br\/index.php?rest_route=\/wp\/v2\/posts\/90006\/revisions"}],"wp:featuredmedia":[{"embeddable":true,"href":"https:\/\/diarioregionaldigital.com.br\/index.php?rest_route=\/wp\/v2\/media\/90005"}],"wp:attachment":[{"href":"https:\/\/diarioregionaldigital.com.br\/index.php?rest_route=%2Fwp%2Fv2%2Fmedia&parent=90006"}],"wp:term":[{"taxonomy":"category","embeddable":true,"href":"https:\/\/diarioregionaldigital.com.br\/index.php?rest_route=%2Fwp%2Fv2%2Fcategories&post=90006"},{"taxonomy":"post_tag","embeddable":true,"href":"https:\/\/diarioregionaldigital.com.br\/index.php?rest_route=%2Fwp%2Fv2%2Ftags&post=90006"}],"curies":[{"name":"wp","href":"https:\/\/api.w.org\/{rel}","templated":true}]}}