{"id":90004,"date":"2018-01-19T17:20:57","date_gmt":"2018-01-19T19:20:57","guid":{"rendered":"http:\/\/diarioregionaljf.com.br\/2018\/01\/19\/carnaval-pelo-brasil-com-muito-axe-e-diversao\/"},"modified":"2018-01-19T17:20:57","modified_gmt":"2018-01-19T19:20:57","slug":"carnaval-pelo-brasil-com-muito-axe-e-diversao","status":"publish","type":"post","link":"https:\/\/diarioregionaldigital.com.br\/?p=90004","title":{"rendered":"Carnaval pelo Brasil com muito ax\u00e9 e divers\u00e3o"},"content":{"rendered":"<p>Faltam tr\u00eas semanas para a maior festa popular do mundo, isto \u00e9, nosso carnaval. Isso n\u00e3o quer dizer que todos v\u00e3o vestir a fantasia ou cair na folia, mas com certeza uma boa parte da popula\u00e7\u00e3o sai de sua cidade, seja para cair na folia literalmente em lugares de grandes comemora\u00e7\u00f5es ou simplesmente procura um destino para descansar ou curtir a natureza. Seja na ala dos praieiros, dos sambistas, da turma do frevo, do grupo de ax\u00e9 ou dos que n\u00e3o querem nada al\u00e9m de paz e tranquilidade. Por todo o Brasil n\u00e3o faltam alternativas para atender aos mais variados perfis de visitantes.<\/p>\n<p>Apresento quatro destinos que al\u00e9m de serem grandes polos tur\u00edsticos, possui uma programa\u00e7\u00e3o intensa para aqueles que curtem brincar o Carnaval.<\/p>\n<p>&nbsp;<\/p>\n<p><strong>SALVADOR<\/strong> &#8211; A m\u00fasica no \u00faltimo volume, a energia dos foli\u00f5es e as paisagens surpreendentes conferem um brilho ainda maior ao carnaval baiano. Al\u00e9m da voca\u00e7\u00e3o para o turismo e do extenso patrim\u00f4nio hist\u00f3rico encontrado em cada esquina, Salvador recebeu da Unesco o t\u00edtulo de Cidade da M\u00fasica. E um destino com tamanha honraria e repleto de praias lind\u00edssimas, constru\u00e7\u00f5es coloniais charmosas e sabores incompar\u00e1veis tem tudo para ser tamb\u00e9m o palco perfeito para aquela que \u00e9 a maior celebra\u00e7\u00e3o brasileira: o Carnaval. Ent\u00e3o, como os nativos mesmo dizem, \u201csorria, voc\u00ea est\u00e1 na Bahia\u201d!<\/p>\n<p>Na deliciosa capital baiana o calend\u00e1rio de festas tem in\u00edcio bem antes da abertura oficial do Carnaval. Caso o visitante n\u00e3o saiba por onde come\u00e7ar, vale a pena recomendar os blocos Furdun\u00e7o e Fuzu\u00ea, populares pela anima\u00e7\u00e3o e pelo extraordin\u00e1rio n\u00famero de pessoas que atraem. E nada de ter apenas um estilo musical ecoando pelas ruas e avenidas: os dois tocam ax\u00e9, fanfarra, rap, marchinhas e reggae e t\u00eam at\u00e9 bandas de percuss\u00e3o. Ambos s\u00e3o livres de corda, ou seja, para curtir basta se juntar aos demais foli\u00f5es.<\/p>\n<p>A festa em Salvador \u00e9 organizada em tr\u00eas circuitos \u2013 os grandes favoritos s\u00e3o o Osmar e o Dod\u00f4. O primeiro, tamb\u00e9m conhecido como Campo Grande, percorre 4 km entre a pra\u00e7a de mesmo nome e a Pra\u00e7a Castro Alves, reunindo as mais impressionantes edifica\u00e7\u00f5es da regi\u00e3o e vibrando sob o embalo de grandes \u00edcones brasileiros, como Asa de \u00c1guia e Olodum. J\u00e1 o Dod\u00f4 (ou Barra-Ondina) contempla um trajeto de 4,5 km e combina a anima\u00e7\u00e3o dos blocos puxados por artistas populares, como Claudia Leite, Daniela Mercury e Banda Eva, com uma lind\u00edssima vista para a Ba\u00eda de Todos-os-Santos.<\/p>\n<p>\u00c9 no Pelourinho, cora\u00e7\u00e3o da capital baiana, que fam\u00edlias com crian\u00e7as v\u00e3o pular Carnaval. Isso porque, ali, a trilha sonora fica por conta das fanfarras, das marchinhas e dos bloquinhos, criando uma atmosfera menos agitada: este \u00e9 o circuito Batatinha, sem desfiles, trios el\u00e9tricos e abad\u00e1s.<\/p>\n<p>&nbsp;<\/p>\n<p><strong>RECIFE<\/strong> \u2013 Um Carnaval, muitos ritmos: do maior bloco de rua do planeta a homenagens aos povos africanos, a festa \u00e9 de todos na capital pernambucana. Esse destino esbanja qualidades: tem clima tropical, praias de tirar o f\u00f4lego, ritmos inesquec\u00edveis, hist\u00f3ria fascinante e culin\u00e1ria para l\u00e1 de saborosa. Resumindo bem, a capital pernambucana \u00e9 apaixonante e tem muito a oferecer.<\/p>\n<p>No Carnaval, ent\u00e3o, nem se fala! Unindo sua extensa lista de atrativos \u00e0 euforia que toma conta da cidade, o resultado \u00e9 um destino completo em todos os sentidos, ideal para curtir ao m\u00e1ximo o t\u00e3o aguardado feriad\u00e3o.<\/p>\n<p>Oficialmente, a agenda recifense \u00e9 aberta no s\u00e1bado de Z\u00e9 Pereira (em 2018 ser\u00e1 no dia 10 de fevereiro), com o tradicional\u00edssimo Galo da Madrugada, maior bloco carnavalesco do mundo. Trios el\u00e9tricos percorrem os bairros e convidam a todos a tirar a fantasia do guarda-roupa e cair na folia. Com a chegada da noite, a festa segue para o Marco Zero, na regi\u00e3o hist\u00f3rica do Recife Antigo. Ali mesmo, no Cais da Alf\u00e2ndega, acontece o Rec Beat, evento que re\u00fane atra\u00e7\u00f5es e ritmos variados, como rock, jazz, pop, eletr\u00f4nico e hip-hop, sendo tamb\u00e9m uma boa pedida para quem est\u00e1 em busca de um som mais alternativo. A melhor parte: ambas as festas s\u00e3o gratuitas.<\/p>\n<p>Para os f\u00e3s de super-her\u00f3is, o bloco \u201cEnquanto Isso na Sala da Justi\u00e7a\u201d traz a chance perfeita para quem quer se transformar nos c\u00e9lebres personagens de hist\u00f3rias em quadrinhos, como o Batman e o Super-Homem \u2013 com uma pitada a mais de humor, d\u00e1 at\u00e9 para se tornar o Super Bonder ou o Supermercado, como j\u00e1 fizeram foli\u00f5es supercriativos em outras edi\u00e7\u00f5es.<\/p>\n<p>Durante a noite da segunda-feira de Carnaval \u00e9 realizada, no P\u00e1tio do Ter\u00e7o, no bairro de S\u00e3o Jos\u00e9, a emocionante Noite dos Tambores Silenciosos, manifesta\u00e7\u00e3o em homenagem \u00e0s v\u00edtimas da escravid\u00e3o. Na\u00e7\u00f5es de maracatu de baque virado, que representam um antigo ritmo afro-brasileiro, se concentram no local e, quando o rel\u00f3gio marca meia-noite, todas as luzes s\u00e3o apagadas enquanto os presentes entoam c\u00e2nticos africanos.<\/p>\n<p>&nbsp;<\/p>\n<p><strong>RIO DE JANEIRO<\/strong> \u2013 Escolas de Samba ou Bloquinhos de rua? A capital carioca tem tudo para que o turista aproveite um Carnaval t\u00e3o maravilhoso quanto \u00e0 cidade. Ber\u00e7o de ritmos como o samba e a bossa nova, o Rio de Janeiro encanta nativos e turistas com sua beleza arrebatadora. Dono de uma faixa litor\u00e2nea emoldurada por montanhas exuberantes, praias de tirar o f\u00f4lego e cart\u00f5es-postais famosos em todo o planeta, o destino tamb\u00e9m n\u00e3o mede esfor\u00e7os quando o assunto \u00e9 Carnaval, presenteando os visitantes com uma festa que \u00e9 uma genu\u00edna explos\u00e3o de cores, descontra\u00e7\u00e3o e alegria.<\/p>\n<p>Se o que o visitante procura \u00e9 uma dica de ouro, anote a\u00ed este nome: &#8211; Marqu\u00eas de Sapuca\u00ed. As arquibancadas e os camarotes do samb\u00f3dromo recebem centenas de milhares de pessoas interessadas em acompanhar de pertinho a alegria contagiante do desfile das escolas de samba. Ao vivo, o espet\u00e1culo \u00e9 ainda mais impressionante \u2013 e quando a bateria passa, \u00e9 imposs\u00edvel n\u00e3o pular feito pipoca ou se deixar levar pela vibe positiva que toma conta do lugar.<\/p>\n<p>O viajante em busca de uma experi\u00eancia completa pode fazer parte da celebra\u00e7\u00e3o, juntando-se \u00e0 comitiva de uma das escolas de samba e emprestando sua energia para que o evento brilhe ainda mais. Ostentar uma fantasia caprichada e entregar-se de corpo e alma ao samba-enredo e desfilar em meio a sorrisos e carros aleg\u00f3ricos super produzidos que tornam o momento ainda mais emocionante.<\/p>\n<p>A festa se estende \u00e0s ruas da cidade em forma de bloquinhos e bailes, que arrastam os foli\u00f5es sob o ritmo das animadas marchinhas carnavalescas \u2013 quem quiser diversificar o repert\u00f3rio \u00e9 mais que bem-vindo aos blocos \u201cSargento Pimenta\u201d, com m\u00fasicas dos Beatles, e \u201cBras\u00edlia Amarela\u201d, que relembra os hits irreverentes dos Mamonas Assassinas. Em 2018 ser\u00e3o celebrados os 100 anos do \u201cCord\u00e3o da Bola Preta\u201d, o bloco mais antigo e tradicional do Rio, marcado por foli\u00f5es vestindo fantasias ou roupas brancas de bolinhas pretas.<\/p>\n<p><strong>S\u00c3O PAULO<\/strong> &#8211; Com centenas de bloquinhos e desfiles deslumbrantes de escolas de samba, a cidade tem sido a aposta de muitos foli\u00f5es para celebrar o carnaval. A S\u00e3o Paulo dos grandes neg\u00f3cios, dos arranha-c\u00e9us, do ir e vir da popula\u00e7\u00e3o e da gastronomia de primeir\u00edssima linha tamb\u00e9m \u00e9 feita de Carnaval. E o melhor de tudo: a festa paulistana vem crescendo a cada ano. Quer um exemplo? &#8211; Em 2017, as ruas foram tomadas por 391 blocos, n\u00famero que representa um aumento de quase 30% em rela\u00e7\u00e3o a 2016 e um recorde para o destino.<\/p>\n<p>O bloco \u201cEsfarrapado\u201d \u00e9 o mais antigo da cidade. Uma banda de fanfarra toca na concentra\u00e7\u00e3o e o percurso \u00e9 embalado pelas c\u00e9lebres marchinhas carnavalescas. Outras atra\u00e7\u00f5es sempre presentes neste megaevento s\u00e3o os populares \u201cAcad\u00eamicos do Baixo Augusta\u201d, \u201cT\u00f4 de Chico\u201d (tocando m\u00fasicas de Chico Science, Chico C\u00e9sar e Chico Buarque), \u201cT\u00f4 de Bowie\u201d (dedicado ao cantor brit\u00e2nico David Bowie), \u201cCasa Comigo\u201d (caracterizado pelo repert\u00f3rio rom\u00e2ntico), \u201cDomingo Ela N\u00e3o Vai\u201d (que relembra os sucessos do ax\u00e9 baiano dos anos 1990) e \u201cVou de T\u00e1xi\u201d (com in\u00fameros hits antigos).<\/p>\n<p>E n\u00e3o para por a\u00ed, n\u00e3o! Al\u00e9m desses, h\u00e1 in\u00fameros outros bloquinhos circulando pela regi\u00e3o, garantindo um entretenimento t\u00e3o diversificado quanto o perfil do p\u00fablico que a visita nesta \u00e9poca do ano.<\/p>\n<p>Outra op\u00e7\u00e3o imperd\u00edvel \u00e9 o Samb\u00f3dromo do Anhembi, que, ao longo de tr\u00eas dias, pulsa ao som da bateria de 22 escolas de samba, respons\u00e1veis por promover um festival \u00e0 base de cores, plumas, paet\u00eas e alegria transbordante, tendo o samba enredo como um hino de representatividade. O desfile traduz um ano inteiro de trabalho e prepara\u00e7\u00e3o \u2013 e \u00e9 exatamente por isso que assistir a essa festa ao vivo e a cores \u00e9 uma experi\u00eancia quase hipnotizante.<\/p>\n<p>Das arquibancadas, o p\u00fablico n\u00e3o se cansa de aplaudir, cantar e dan\u00e7ar, incentivando sua escola do cora\u00e7\u00e3o mesmo \u00e0 dist\u00e2ncia e contribuindo para dar vida a esse espet\u00e1culo anual. Cada vez mais elaborados e surpreendentes, os desfiles refletem o desejo que S\u00e3o Paulo tem de entrar na disputa pelo maior Carnaval do Brasil, assim como o talento todo especial dos paulistas para a divers\u00e3o.<\/p>\n<p>&nbsp;<\/p>\n<h4>DICAS DE VIAGEM<\/h4>\n<p>Bagagem de m\u00e3o: Restri\u00e7\u00f5es em voos internacionais:<\/p>\n<p>&#8211; l\u00edquidos permitidos em frascos de at\u00e9 10 mililitros em embalagens pl\u00e1sticas vedadas;<\/p>\n<p>&#8211; pilhas;<\/p>\n<p>&#8211; aeross\u00f3is;<\/p>\n<p>&#8211; f\u00f3sforos;<\/p>\n<p>&#8211; objetos pontiagudos;<\/p>\n<p>&#8211; todos os tipos de bebidas;<\/p>\n<p>&#8211; medicamentos controlados, s\u00f3 com as prescri\u00e7\u00f5es;<\/p>\n<p>&#8211; soma das dimens\u00f5es: at\u00e9 115 cm.<\/p>\n<p>&nbsp;<\/p>\n<p><strong>DUAS COISAS V\u00c3O DEFINIR O QUE VAI NA SUA MALA<\/strong>: O clima do destino e a dura\u00e7\u00e3o da viagem &#8211; se for uma viagem m\u00e9dia : at\u00e9 dez dias, planeje em torno de seis partes de baixo, seis de cima, e uma roupa \u00edntima por dia. Conforme as pe\u00e7as: cores b\u00e1sicas s\u00e3o mais f\u00e1ceis de mesclar;<\/p>\n<p>&#8211; para viagens longas: leve em conta a possibilidade de usar a lavanderia do hotel ou at\u00e9 mesmo lavar roupas no banheiro do quarto e, no m\u00e1ximo, dobre o n\u00famero de pe\u00e7as para viagens m\u00e9dias;<\/p>\n<p>&#8211; pense no dia a dia: daquilo que j\u00e1 est\u00e1 planejado e anote tudo que achar essencial para cada ocasi\u00e3o, das vestimentas aos acess\u00f3rios. Leve artigos de higiene pessoal em sacos pl\u00e1sticos para evitar a bagun\u00e7a de um estouro. Deixe espa\u00e7o livre para presentes e prefira as malas de rodinhas, mais f\u00e1ceis para perambular.<\/p>\n<p>&nbsp;<\/p>\n<p><strong>Rosa Oliveira\/Colabora\u00e7\u00e3o&nbsp;Revista Segue Viagem<\/strong><\/p>\n<p><img loading=\"lazy\" decoding=\"async\" class=\" size-full wp-image-90003\" src=\"http:\/\/diarioregionaljf.com.br\/wp-content\/uploads\/2018\/01\/diario-int-23298-1.jpg\" alt=\"rosa.jpg\" width=\"133\" height=\"142\" \/><\/p>\n","protected":false},"excerpt":{"rendered":"<p>Faltam tr\u00eas semanas para a maior festa popular do mundo, isto \u00e9, nosso carnaval. Isso n\u00e3o quer dizer que todos v\u00e3o vestir a fantasia ou cair na folia, mas com certeza uma boa parte da popula\u00e7\u00e3o sai de sua cidade, seja para cair na folia literalmente em lugares de grandes comemora\u00e7\u00f5es ou simplesmente procura um [&hellip;]<\/p>\n","protected":false},"author":96,"featured_media":90002,"comment_status":"closed","ping_status":"closed","sticky":false,"template":"","format":"standard","meta":{"footnotes":""},"categories":[284],"tags":[],"class_list":["post-90004","post","type-post","status-publish","format-standard","has-post-thumbnail","hentry","category-turismo-rosa-oliveira"],"_links":{"self":[{"href":"https:\/\/diarioregionaldigital.com.br\/index.php?rest_route=\/wp\/v2\/posts\/90004","targetHints":{"allow":["GET"]}}],"collection":[{"href":"https:\/\/diarioregionaldigital.com.br\/index.php?rest_route=\/wp\/v2\/posts"}],"about":[{"href":"https:\/\/diarioregionaldigital.com.br\/index.php?rest_route=\/wp\/v2\/types\/post"}],"author":[{"embeddable":true,"href":"https:\/\/diarioregionaldigital.com.br\/index.php?rest_route=\/wp\/v2\/users\/96"}],"replies":[{"embeddable":true,"href":"https:\/\/diarioregionaldigital.com.br\/index.php?rest_route=%2Fwp%2Fv2%2Fcomments&post=90004"}],"version-history":[{"count":0,"href":"https:\/\/diarioregionaldigital.com.br\/index.php?rest_route=\/wp\/v2\/posts\/90004\/revisions"}],"wp:featuredmedia":[{"embeddable":true,"href":"https:\/\/diarioregionaldigital.com.br\/index.php?rest_route=\/wp\/v2\/media\/90002"}],"wp:attachment":[{"href":"https:\/\/diarioregionaldigital.com.br\/index.php?rest_route=%2Fwp%2Fv2%2Fmedia&parent=90004"}],"wp:term":[{"taxonomy":"category","embeddable":true,"href":"https:\/\/diarioregionaldigital.com.br\/index.php?rest_route=%2Fwp%2Fv2%2Fcategories&post=90004"},{"taxonomy":"post_tag","embeddable":true,"href":"https:\/\/diarioregionaldigital.com.br\/index.php?rest_route=%2Fwp%2Fv2%2Ftags&post=90004"}],"curies":[{"name":"wp","href":"https:\/\/api.w.org\/{rel}","templated":true}]}}