{"id":90001,"date":"2018-01-19T17:19:35","date_gmt":"2018-01-19T19:19:35","guid":{"rendered":"http:\/\/diarioregionaljf.com.br\/2018\/01\/19\/ministerio-da-educacao-reconhece-50-cursos-de-ensino-superior\/"},"modified":"2018-01-19T17:19:35","modified_gmt":"2018-01-19T19:19:35","slug":"ministerio-da-educacao-reconhece-50-cursos-de-ensino-superior","status":"publish","type":"post","link":"https:\/\/diarioregionaldigital.com.br\/?p=90001","title":{"rendered":"Minist\u00e9rio da Educa\u00e7\u00e3o reconhece 50 cursos de ensino superior"},"content":{"rendered":"<p>O Minist\u00e9rio da Educa\u00e7\u00e3o oficializou o reconhecimento de 50 cursos de gradua\u00e7\u00e3o. A regulariza\u00e7\u00e3o junto ao governo \u00e9 requisito para que o diploma tenha validade nacional.<\/p>\n<p>Segundo a portaria, publicada no Di\u00e1rio Oficial da Uni\u00e3o dessa quinta-feira, 18, entre os cursos beneficiados, 13 s\u00e3o de institui\u00e7\u00f5es p\u00fablicas de ensino, como os de licenciatura em f\u00edsica, da Universidade Federal do Paran\u00e1, e de licenciatura em etnodesenvolvimento, da Universidade Federal do Par\u00e1. No total, incluindo institui\u00e7\u00f5es privadas, s\u00e3o oferecidas 617 vagas, das quais 202 est\u00e3o concentradas nos tr\u00eas estados da Regi\u00e3o Sul, 80 na Bahia, 30 em Goi\u00e1s, 85 no Par\u00e1 e 220 em Minas Gerais.<\/p>\n<p>Para solicitar o reconhecimento de um curso, \u00e9 necess\u00e1rio que a institui\u00e7\u00e3o de ensino superior j\u00e1 tenha ministrado metade da carga hor\u00e1ria. O reconhecimento \u00e9 renovado pelo Sistema Nacional de Avalia\u00e7\u00e3o da Educa\u00e7\u00e3o Superior, vinculado ao minist\u00e9rio, que observa aspectos como a qualidade das instala\u00e7\u00f5es f\u00edsicas dispon\u00edveis aos alunos, a organiza\u00e7\u00e3o did\u00e1tico-pedag\u00f3gica e o perfil do corpo docente.<\/p>\n<p>Fonte: Ag\u00eancia Brasil<\/p>\n","protected":false},"excerpt":{"rendered":"<p>O Minist\u00e9rio da Educa\u00e7\u00e3o oficializou o reconhecimento de 50 cursos de gradua\u00e7\u00e3o. A regulariza\u00e7\u00e3o junto ao governo \u00e9 requisito para que o diploma tenha validade nacional. Segundo a portaria, publicada no Di\u00e1rio Oficial da Uni\u00e3o dessa quinta-feira, 18, entre os cursos beneficiados, 13 s\u00e3o de institui\u00e7\u00f5es p\u00fablicas de ensino, como os de licenciatura em f\u00edsica, [&hellip;]<\/p>\n","protected":false},"author":96,"featured_media":90000,"comment_status":"closed","ping_status":"closed","sticky":false,"template":"","format":"standard","meta":{"footnotes":""},"categories":[302],"tags":[],"class_list":["post-90001","post","type-post","status-publish","format-standard","has-post-thumbnail","hentry","category-brasil-mundo"],"_links":{"self":[{"href":"https:\/\/diarioregionaldigital.com.br\/index.php?rest_route=\/wp\/v2\/posts\/90001","targetHints":{"allow":["GET"]}}],"collection":[{"href":"https:\/\/diarioregionaldigital.com.br\/index.php?rest_route=\/wp\/v2\/posts"}],"about":[{"href":"https:\/\/diarioregionaldigital.com.br\/index.php?rest_route=\/wp\/v2\/types\/post"}],"author":[{"embeddable":true,"href":"https:\/\/diarioregionaldigital.com.br\/index.php?rest_route=\/wp\/v2\/users\/96"}],"replies":[{"embeddable":true,"href":"https:\/\/diarioregionaldigital.com.br\/index.php?rest_route=%2Fwp%2Fv2%2Fcomments&post=90001"}],"version-history":[{"count":0,"href":"https:\/\/diarioregionaldigital.com.br\/index.php?rest_route=\/wp\/v2\/posts\/90001\/revisions"}],"wp:featuredmedia":[{"embeddable":true,"href":"https:\/\/diarioregionaldigital.com.br\/index.php?rest_route=\/wp\/v2\/media\/90000"}],"wp:attachment":[{"href":"https:\/\/diarioregionaldigital.com.br\/index.php?rest_route=%2Fwp%2Fv2%2Fmedia&parent=90001"}],"wp:term":[{"taxonomy":"category","embeddable":true,"href":"https:\/\/diarioregionaldigital.com.br\/index.php?rest_route=%2Fwp%2Fv2%2Fcategories&post=90001"},{"taxonomy":"post_tag","embeddable":true,"href":"https:\/\/diarioregionaldigital.com.br\/index.php?rest_route=%2Fwp%2Fv2%2Ftags&post=90001"}],"curies":[{"name":"wp","href":"https:\/\/api.w.org\/{rel}","templated":true}]}}