{"id":89997,"date":"2018-01-19T15:44:24","date_gmt":"2018-01-19T17:44:24","guid":{"rendered":"http:\/\/diarioregionaljf.com.br\/2018\/01\/19\/investigacao-sobre-atropelamento-na-praia-de-copacabana-indica-homicidio-culposo-diz-delegado\/"},"modified":"2018-01-19T15:44:24","modified_gmt":"2018-01-19T17:44:24","slug":"investigacao-sobre-atropelamento-na-praia-de-copacabana-indica-homicidio-culposo-diz-delegado","status":"publish","type":"post","link":"https:\/\/diarioregionaldigital.com.br\/?p=89997","title":{"rendered":"Investiga\u00e7\u00e3o sobre atropelamento na Praia de Copacabana indica homic\u00eddio culposo, diz delegado"},"content":{"rendered":"<p>O delegado da 12\u00aa Delegacia de Pol\u00edcia Gabriel Ferrando disse, na manh\u00e3 de hoje, 19, que um poss\u00edvel ataque epil\u00e9tico no motorista Ant\u00f4nio de Almeida Anaquim \u00e9 a principal linha de investiga\u00e7\u00e3o sobre o atropelamento de 17 pessoas na Praia de Copacabana, na noite dessa quinta-feira , 18. At\u00e9 o momento, a avalia\u00e7\u00e3o do delegado \u00e9 de que o crime foi um homic\u00eddio culposo, em que n\u00e3o h\u00e1 inten\u00e7\u00e3o de matar, e que o suspeito deve responder em liberdade.<\/p>\n<p>&#8220;Ele narra que teria tido uma esp\u00e9cie de disritmia, decorrente do problema epil\u00e9tico. Segundo ele, essa disritmia causa nele um apag\u00e3o&#8221;, disse o delegado, que mant\u00e9m o motorista na delegacia at\u00e9 o momento, para continuar com os esclarecimentos. &#8220;Esse apag\u00e3o, segundo ele, teria ocasionado a perda de consci\u00eancia tempor\u00e1ria no momento em que estava conduzindo o ve\u00edculo&#8221;.<\/p>\n<p>O delegado afirmou que nenhuma hip\u00f3tese ainda est\u00e1 descartada e que a vida pregressa do motorista continuar\u00e1 sendo investigada. Na opini\u00e3o de Ferrando, com as informa\u00e7\u00f5es que ele tem at\u00e9 o momento, n\u00e3o h\u00e1 como indiciar o motorista por homic\u00eddio doloso, quando h\u00e1 inten\u00e7\u00e3o de matar, nem por homic\u00eddio com dolo eventual, quando se assume o risco de matar.<\/p>\n<p>&#8220;Trabalhar com a hip\u00f3tese, com os elementos que eu tenho no momento, de que ele tinha a inten\u00e7\u00e3o ou assumiu o risco, eu acho temeroso&#8221;.<\/p>\n<p>O delegado argumentou que a legisla\u00e7\u00e3o n\u00e3o prev\u00ea pris\u00e3o em flagrante para casos de atropelamento em que o motorista se mant\u00e9m no local do incidente. A pris\u00e3o tamb\u00e9m foi descartada at\u00e9 o momento porque os exames iniciais n\u00e3o apontaram ingest\u00e3o de \u00e1lcool e outras subst\u00e2ncias, e tamb\u00e9m porque o motorista n\u00e3o participava de um pega. Ferrando tamb\u00e9m considera que a alta velocidade, ao que tudo indica, foi causada pela disritmia.<\/p>\n<h4>V\u00edtimas<\/h4>\n<p>Um beb\u00ea de oito meses morreu e 16 pessoas ficaram feridas no atropelamento. O motorista responder\u00e1 pelo homic\u00eddio do beb\u00ea e les\u00e3o corporal das outras pessoas.<\/p>\n<p>Testemunhas est\u00e3o sendo ouvidas na tentativa de esclarecer o caso, incluindo uma mulher que estava no carro no momento do atropelamento. Segundo o delegado, ela corrobora a vers\u00e3o de que houve um ataque epil\u00e9tico.<\/p>\n<p>&#8220;A testemunha narra que ele estava dirigindo, e ela foi surpreendida com a paralisia dele. Ele teria tido um apag\u00e3o enrijecido&#8221;, conta o delegado.<\/p>\n<p>O delegado contou que ainda n\u00e3o recebeu informa\u00e7\u00f5es oficiais do Departamento de Tr\u00e2nsito do Estado do Rio de Janeiro (Detran) sobre a situa\u00e7\u00e3o do motorista, mas confiscou a carteira de habilita\u00e7\u00e3o dele como medida cautelar.<\/p>\n<p>Ferrando considera que, mesmo que fique provado que o motorista mentiu sobre a doen\u00e7a no exame m\u00e9dico do Detran, ou que estava com a carteira de habilita\u00e7\u00e3o vencida, isso n\u00e3o muda o entendimento de que n\u00e3o houve inten\u00e7\u00e3o de matar.<\/p>\n<p>&#8220;A situa\u00e7\u00e3o dele vai ser agravada no que diz respeito \u00e0s pena. O que estamos discutindo aqui \u00e9 a voluntariedade&#8221;, disse o delegado<\/p>\n<p>Al\u00e9m de informa\u00e7\u00f5es oficiais do Detran, a Pol\u00edcia Civil aguarda ainda o resultado de exames mais detalhados de sangue e urina, al\u00e9m de c\u00e2meras de seguran\u00e7a instaladas perto do local do acidente que possam ter registrado o atropelamento de pr\u00e9dios e c\u00e2maras da Prefeitura.<\/p>\n<p>Na opini\u00e3o do delegado, \u00e9 poss\u00edvel que a investiga\u00e7\u00e3o do caso seja encerrada em at\u00e9 30 dias.<\/p>\n<hr \/>\n<p>&nbsp;Fonte: Ag\u00eancia Brasil<\/p>\n","protected":false},"excerpt":{"rendered":"<p>O delegado da 12\u00aa Delegacia de Pol\u00edcia Gabriel Ferrando disse, na manh\u00e3 de hoje, 19, que um poss\u00edvel ataque epil\u00e9tico no motorista Ant\u00f4nio de Almeida Anaquim \u00e9 a principal linha de investiga\u00e7\u00e3o sobre o atropelamento de 17 pessoas na Praia de Copacabana, na noite dessa quinta-feira , 18. At\u00e9 o momento, a avalia\u00e7\u00e3o do delegado [&hellip;]<\/p>\n","protected":false},"author":96,"featured_media":89996,"comment_status":"closed","ping_status":"closed","sticky":false,"template":"","format":"standard","meta":{"footnotes":""},"categories":[302],"tags":[],"class_list":["post-89997","post","type-post","status-publish","format-standard","has-post-thumbnail","hentry","category-brasil-mundo"],"_links":{"self":[{"href":"https:\/\/diarioregionaldigital.com.br\/index.php?rest_route=\/wp\/v2\/posts\/89997","targetHints":{"allow":["GET"]}}],"collection":[{"href":"https:\/\/diarioregionaldigital.com.br\/index.php?rest_route=\/wp\/v2\/posts"}],"about":[{"href":"https:\/\/diarioregionaldigital.com.br\/index.php?rest_route=\/wp\/v2\/types\/post"}],"author":[{"embeddable":true,"href":"https:\/\/diarioregionaldigital.com.br\/index.php?rest_route=\/wp\/v2\/users\/96"}],"replies":[{"embeddable":true,"href":"https:\/\/diarioregionaldigital.com.br\/index.php?rest_route=%2Fwp%2Fv2%2Fcomments&post=89997"}],"version-history":[{"count":0,"href":"https:\/\/diarioregionaldigital.com.br\/index.php?rest_route=\/wp\/v2\/posts\/89997\/revisions"}],"wp:featuredmedia":[{"embeddable":true,"href":"https:\/\/diarioregionaldigital.com.br\/index.php?rest_route=\/wp\/v2\/media\/89996"}],"wp:attachment":[{"href":"https:\/\/diarioregionaldigital.com.br\/index.php?rest_route=%2Fwp%2Fv2%2Fmedia&parent=89997"}],"wp:term":[{"taxonomy":"category","embeddable":true,"href":"https:\/\/diarioregionaldigital.com.br\/index.php?rest_route=%2Fwp%2Fv2%2Fcategories&post=89997"},{"taxonomy":"post_tag","embeddable":true,"href":"https:\/\/diarioregionaldigital.com.br\/index.php?rest_route=%2Fwp%2Fv2%2Ftags&post=89997"}],"curies":[{"name":"wp","href":"https:\/\/api.w.org\/{rel}","templated":true}]}}