{"id":89992,"date":"2018-01-19T15:36:29","date_gmt":"2018-01-19T17:36:29","guid":{"rendered":"http:\/\/diarioregionaljf.com.br\/2018\/01\/19\/confianca-do-empresario-da-industria-na-economia-atinge-maior-indice-desde-2011\/"},"modified":"2018-01-19T15:36:29","modified_gmt":"2018-01-19T17:36:29","slug":"confianca-do-empresario-da-industria-na-economia-atinge-maior-indice-desde-2011","status":"publish","type":"post","link":"https:\/\/diarioregionaldigital.com.br\/?p=89992","title":{"rendered":"Confian\u00e7a do empres\u00e1rio da ind\u00fastria na economia atinge maior \u00edndice desde 2011"},"content":{"rendered":"<p>A percep\u00e7\u00e3o dos empres\u00e1rios da ind\u00fastria sobre os pr\u00f3ximos seis meses da economia nacional aumentou em janeiro, alcan\u00e7ando os 59 pontos, em uma escala que varia de 0 a 100. Em rela\u00e7\u00e3o a dezembro do ano passado, o sentimento de confian\u00e7a dos empres\u00e1rios registrou aumento de quase um ponto,<\/p>\n<p>A avalia\u00e7\u00e3o sobre a confian\u00e7a do empres\u00e1rio da ind\u00fastria foi divulgada nesta sexta-feira, 19, pela Confedera\u00e7\u00e3o Nacional da Ind\u00fastria (CNI). De acordo com a pesquisa, o \u00cdndice de Confian\u00e7a do Empres\u00e1rio Industrial (Icei) registrado no primeiro m\u00eas de 2018 est\u00e1 acima da m\u00e9dia hist\u00f3rica de 54,1 pontos e \u00e9 o maior desde abril de 2011.<\/p>\n<p>A expectativa positiva dos empres\u00e1rios, avaliado pelo \u00cdndice de Expectativas, tamb\u00e9m apontou crescimento significativo, atingindo 62 pontos em janeiro, maior resultado dos \u00faltimos cinco anos. E a percep\u00e7\u00e3o dos empres\u00e1rios sobre as condi\u00e7\u00f5es atuais para os neg\u00f3cios foi de 53 pontos. A pesquisa aponta que esse \u00edndice est\u00e1 acima de 50 pontos por cinco meses seguidos.<\/p>\n<p>Segundo a CNI, os \u00edndices refletem o aumento do otimismo em rela\u00e7\u00e3o ao desempenho da economia brasileira e das empresas para o pr\u00f3ximo semestre. A entidade ressalta que a melhora da expectativa aponta uma tend\u00eancia das empresas em investir mais, o que pode contribuir para a cria\u00e7\u00e3o de empregos e a recupera\u00e7\u00e3o do crescimento econ\u00f4mico.<\/p>\n<p>A pesquisa foi realizada entre 3 e 16 de janeiro com 2.772 empresas de pequeno, m\u00e9dio e grande porte.<\/p>\n<hr \/>\n<p>&nbsp;Fonte: Ag\u00eancia Brasil<\/p>\n","protected":false},"excerpt":{"rendered":"<p>A percep\u00e7\u00e3o dos empres\u00e1rios da ind\u00fastria sobre os pr\u00f3ximos seis meses da economia nacional aumentou em janeiro, alcan\u00e7ando os 59 pontos, em uma escala que varia de 0 a 100. Em rela\u00e7\u00e3o a dezembro do ano passado, o sentimento de confian\u00e7a dos empres\u00e1rios registrou aumento de quase um ponto, A avalia\u00e7\u00e3o sobre a confian\u00e7a do [&hellip;]<\/p>\n","protected":false},"author":96,"featured_media":89991,"comment_status":"closed","ping_status":"closed","sticky":false,"template":"","format":"standard","meta":{"footnotes":""},"categories":[261],"tags":[],"class_list":["post-89992","post","type-post","status-publish","format-standard","has-post-thumbnail","hentry","category-economia"],"_links":{"self":[{"href":"https:\/\/diarioregionaldigital.com.br\/index.php?rest_route=\/wp\/v2\/posts\/89992","targetHints":{"allow":["GET"]}}],"collection":[{"href":"https:\/\/diarioregionaldigital.com.br\/index.php?rest_route=\/wp\/v2\/posts"}],"about":[{"href":"https:\/\/diarioregionaldigital.com.br\/index.php?rest_route=\/wp\/v2\/types\/post"}],"author":[{"embeddable":true,"href":"https:\/\/diarioregionaldigital.com.br\/index.php?rest_route=\/wp\/v2\/users\/96"}],"replies":[{"embeddable":true,"href":"https:\/\/diarioregionaldigital.com.br\/index.php?rest_route=%2Fwp%2Fv2%2Fcomments&post=89992"}],"version-history":[{"count":0,"href":"https:\/\/diarioregionaldigital.com.br\/index.php?rest_route=\/wp\/v2\/posts\/89992\/revisions"}],"wp:featuredmedia":[{"embeddable":true,"href":"https:\/\/diarioregionaldigital.com.br\/index.php?rest_route=\/wp\/v2\/media\/89991"}],"wp:attachment":[{"href":"https:\/\/diarioregionaldigital.com.br\/index.php?rest_route=%2Fwp%2Fv2%2Fmedia&parent=89992"}],"wp:term":[{"taxonomy":"category","embeddable":true,"href":"https:\/\/diarioregionaldigital.com.br\/index.php?rest_route=%2Fwp%2Fv2%2Fcategories&post=89992"},{"taxonomy":"post_tag","embeddable":true,"href":"https:\/\/diarioregionaldigital.com.br\/index.php?rest_route=%2Fwp%2Fv2%2Ftags&post=89992"}],"curies":[{"name":"wp","href":"https:\/\/api.w.org\/{rel}","templated":true}]}}