{"id":89990,"date":"2018-01-19T15:34:53","date_gmt":"2018-01-19T17:34:53","guid":{"rendered":"http:\/\/diarioregionaljf.com.br\/2018\/01\/19\/conselho-define-procedimentos-para-saque-de-cotas-do-pis-pasep\/"},"modified":"2018-01-19T15:34:53","modified_gmt":"2018-01-19T17:34:53","slug":"conselho-define-procedimentos-para-saque-de-cotas-do-pis-pasep","status":"publish","type":"post","link":"https:\/\/diarioregionaldigital.com.br\/?p=89990","title":{"rendered":"Conselho define procedimentos para saque de cotas do PIS\/Pasep"},"content":{"rendered":"<p>Resolu\u00e7\u00e3o do Conselho Diretor do Fundo PIS\/Pasep publicada hoje, 19, no Di\u00e1rio Oficial da Uni\u00e3o define procedimentos para saque de cotas dos programas de Integra\u00e7\u00e3o Social (PIS) e de Forma\u00e7\u00e3o do Patrim\u00f4nio do Servidor P\u00fablico (Pasep).<\/p>\n<p>De acordo com o texto, a libera\u00e7\u00e3o das cotas de participantes que cumpram o requisito de idade e aposentadoria para o saque poder\u00e1 ser realizada por processamento sist\u00eamico, independentemente de solicita\u00e7\u00e3o por parte dos cotistas.<\/p>\n<p>\u201cFica dispensada a guarda da documenta\u00e7\u00e3o dos cotistas que se enquadram na hip\u00f3tese de saque por motivo de idade e aposentadoria\u201d, define a resolu\u00e7\u00e3o. Para tanto, a Caixa vai verificar os dados do participante no cadastro e far\u00e1 a libera\u00e7\u00e3o autom\u00e1tica das cotas, que ficar\u00e3o dispon\u00edveis para saque nos canais de atendimento do banco.<\/p>\n<p>J\u00e1 os participantes que cumprem o requisito de idade e aposentadoria para o saque das cotas do PIS e cujos dados cadastrais n\u00e3o possibilitem a libera\u00e7\u00e3o autom\u00e1tica dever\u00e3o fazer a solicita\u00e7\u00e3o do saque nas ag\u00eancias da Caixa, sendo que o pagamento poder\u00e1 ocorrer em at\u00e9 cinco dias \u00fateis.<\/p>\n<p>\u201cAo final do exerc\u00edcio, caso a cota liberada n\u00e3o seja sacada pelo participante, haver\u00e1 a recomposi\u00e7\u00e3o da cota de forma a possibilitar a incorpora\u00e7\u00e3o dos rendimentos devidos, podendo a cota ser novamente liberada automaticamente no exerc\u00edcio subsequente.\u201d<\/p>\n<p>Para os demais motivos de saque, a libera\u00e7\u00e3o das cotas ocorre somente mediante solicita\u00e7\u00e3o nas ag\u00eancias da Caixa, sendo que o pagamento poder\u00e1 ocorrer em at\u00e9 cinco dias \u00fateis. O participante\/dependente\/benefici\u00e1rio deve procurar qualquer ag\u00eancia e apresentar o comprovante de inscri\u00e7\u00e3o PIS-Pasep e documento de identifica\u00e7\u00e3o oficial.<\/p>\n<p>A portaria estabelece ainda que o cr\u00e9dito das cotas do Pasep poder\u00e1 ser efetuado na conta de titularidade do cotista ao completar idade m\u00ednima para saque ou quando for identificado que ele est\u00e1 aposentado, \u00e9 militar reformado ou transferido para a reserva remunerada, independentemente de solicita\u00e7\u00e3o.<\/p>\n<p>No caso da identifica\u00e7\u00e3o de falecimento do cotista, os valores da cota poder\u00e3o ser disponibilizados aos seus benefici\u00e1rios legais, declarados junto ao Instituto Nacional do Seguro Social (INSS) ou \u00f3rg\u00e3o de Previd\u00eancia do qual participava o trabalhador. O saque para os demais motivos s\u00f3 ser\u00e1 poss\u00edvel nas ag\u00eancias do Banco do Brasil e o pagamento pode ocorrer no mesmo dia ou em at\u00e9 cinco dias \u00fateis.<\/p>\n<hr \/>\n<p>&nbsp;Fonte: Ag\u00eancia Brasil<\/p>\n","protected":false},"excerpt":{"rendered":"<p>Resolu\u00e7\u00e3o do Conselho Diretor do Fundo PIS\/Pasep publicada hoje, 19, no Di\u00e1rio Oficial da Uni\u00e3o define procedimentos para saque de cotas dos programas de Integra\u00e7\u00e3o Social (PIS) e de Forma\u00e7\u00e3o do Patrim\u00f4nio do Servidor P\u00fablico (Pasep). De acordo com o texto, a libera\u00e7\u00e3o das cotas de participantes que cumpram o requisito de idade e aposentadoria [&hellip;]<\/p>\n","protected":false},"author":96,"featured_media":89989,"comment_status":"closed","ping_status":"closed","sticky":false,"template":"","format":"standard","meta":{"footnotes":""},"categories":[261],"tags":[],"class_list":["post-89990","post","type-post","status-publish","format-standard","has-post-thumbnail","hentry","category-economia"],"_links":{"self":[{"href":"https:\/\/diarioregionaldigital.com.br\/index.php?rest_route=\/wp\/v2\/posts\/89990","targetHints":{"allow":["GET"]}}],"collection":[{"href":"https:\/\/diarioregionaldigital.com.br\/index.php?rest_route=\/wp\/v2\/posts"}],"about":[{"href":"https:\/\/diarioregionaldigital.com.br\/index.php?rest_route=\/wp\/v2\/types\/post"}],"author":[{"embeddable":true,"href":"https:\/\/diarioregionaldigital.com.br\/index.php?rest_route=\/wp\/v2\/users\/96"}],"replies":[{"embeddable":true,"href":"https:\/\/diarioregionaldigital.com.br\/index.php?rest_route=%2Fwp%2Fv2%2Fcomments&post=89990"}],"version-history":[{"count":0,"href":"https:\/\/diarioregionaldigital.com.br\/index.php?rest_route=\/wp\/v2\/posts\/89990\/revisions"}],"wp:featuredmedia":[{"embeddable":true,"href":"https:\/\/diarioregionaldigital.com.br\/index.php?rest_route=\/wp\/v2\/media\/89989"}],"wp:attachment":[{"href":"https:\/\/diarioregionaldigital.com.br\/index.php?rest_route=%2Fwp%2Fv2%2Fmedia&parent=89990"}],"wp:term":[{"taxonomy":"category","embeddable":true,"href":"https:\/\/diarioregionaldigital.com.br\/index.php?rest_route=%2Fwp%2Fv2%2Fcategories&post=89990"},{"taxonomy":"post_tag","embeddable":true,"href":"https:\/\/diarioregionaldigital.com.br\/index.php?rest_route=%2Fwp%2Fv2%2Ftags&post=89990"}],"curies":[{"name":"wp","href":"https:\/\/api.w.org\/{rel}","templated":true}]}}