{"id":89988,"date":"2018-01-19T15:24:29","date_gmt":"2018-01-19T17:24:29","guid":{"rendered":"http:\/\/diarioregionaljf.com.br\/2018\/01\/19\/motociclista-morre-no-bairro-previdenciarios-apos-levar-tres-tiros-que-perfuraram-o-proprio-capacete\/"},"modified":"2018-01-19T15:24:29","modified_gmt":"2018-01-19T17:24:29","slug":"motociclista-morre-no-bairro-previdenciarios-apos-levar-tres-tiros-que-perfuraram-o-proprio-capacete","status":"publish","type":"post","link":"https:\/\/diarioregionaldigital.com.br\/?p=89988","title":{"rendered":"Motociclista morre no bairro Previdenci\u00e1rios ap\u00f3s levar tr\u00eas tiros que perfuraram o pr\u00f3prio capacete"},"content":{"rendered":"<p>Um homem de 27 anos foi assassinado a tiros enquanto pilotava sua motocicleta pelo Bairro Previdenci\u00e1rios, zona Sul de Juiz de Fora. Conforme as informa\u00e7\u00f5es da Pol\u00edcia Militar, a v\u00edtima foi baleada por tr\u00eas tiros na cabe\u00e7a que teve o capacete que usava perfurado pelas balas calibre n\u00e3o informado.<\/p>\n<p>A v\u00edtima estava conduzindo a motocicleta Honda Falcon NXR vermelha e havia recebido uma liga\u00e7\u00e3o no celular e avisado aos familiares que n\u00e3o demoraria a retorna a sua resid\u00eancia.<\/p>\n<p>Esteve no local do acontecido \u00e0 irm\u00e3 da vitima que relatou que o irm\u00e3o recebeu mesmo essa liga\u00e7\u00e3o no celular e avisou que n\u00e3o demoraria. Ela ressaltou que o irm\u00e3o estava com um relacionamento com uma mulher, residente ao condom\u00ednio Belo Vale, e que teve not\u00edcias que recentemente ela mudou para o bairro Nova Germ\u00e2nia, e que j\u00e1 havia amea\u00e7ado de morte a v\u00edtima, dizendo que conhecia um matador no bairro Santa Rita que poderia mat\u00e1-lo.<\/p>\n<p>Segundo testemunhas, um ve\u00edculo da marca Volkswagen, modelo Saveiro na cor branca conduzida por um individuo morador do bairro Ipiranga, foi quem realizou os disparos contra a v\u00edtima que estava conduzindo a motocicleta e fugiu ap\u00f3s o ato delituoso.<\/p>\n<p>O SAMU prestou o atendimento e constatou o \u00f3bito do rapaz. A per\u00edcia tamb\u00e9m este no local e apreendeu o celular da v\u00edtima para investiga\u00e7\u00f5es posteriores, e a motocicleta foi liberada para a fam\u00edlia.<\/p>\n<hr \/>\n<p>&nbsp;<\/p>\n","protected":false},"excerpt":{"rendered":"<p>Um homem de 27 anos foi assassinado a tiros enquanto pilotava sua motocicleta pelo Bairro Previdenci\u00e1rios, zona Sul de Juiz de Fora. Conforme as informa\u00e7\u00f5es da Pol\u00edcia Militar, a v\u00edtima foi baleada por tr\u00eas tiros na cabe\u00e7a que teve o capacete que usava perfurado pelas balas calibre n\u00e3o informado. A v\u00edtima estava conduzindo a motocicleta [&hellip;]<\/p>\n","protected":false},"author":96,"featured_media":89987,"comment_status":"closed","ping_status":"closed","sticky":false,"template":"","format":"standard","meta":{"footnotes":""},"categories":[301],"tags":[],"class_list":["post-89988","post","type-post","status-publish","format-standard","has-post-thumbnail","hentry","category-artigos-policiais"],"_links":{"self":[{"href":"https:\/\/diarioregionaldigital.com.br\/index.php?rest_route=\/wp\/v2\/posts\/89988","targetHints":{"allow":["GET"]}}],"collection":[{"href":"https:\/\/diarioregionaldigital.com.br\/index.php?rest_route=\/wp\/v2\/posts"}],"about":[{"href":"https:\/\/diarioregionaldigital.com.br\/index.php?rest_route=\/wp\/v2\/types\/post"}],"author":[{"embeddable":true,"href":"https:\/\/diarioregionaldigital.com.br\/index.php?rest_route=\/wp\/v2\/users\/96"}],"replies":[{"embeddable":true,"href":"https:\/\/diarioregionaldigital.com.br\/index.php?rest_route=%2Fwp%2Fv2%2Fcomments&post=89988"}],"version-history":[{"count":0,"href":"https:\/\/diarioregionaldigital.com.br\/index.php?rest_route=\/wp\/v2\/posts\/89988\/revisions"}],"wp:featuredmedia":[{"embeddable":true,"href":"https:\/\/diarioregionaldigital.com.br\/index.php?rest_route=\/wp\/v2\/media\/89987"}],"wp:attachment":[{"href":"https:\/\/diarioregionaldigital.com.br\/index.php?rest_route=%2Fwp%2Fv2%2Fmedia&parent=89988"}],"wp:term":[{"taxonomy":"category","embeddable":true,"href":"https:\/\/diarioregionaldigital.com.br\/index.php?rest_route=%2Fwp%2Fv2%2Fcategories&post=89988"},{"taxonomy":"post_tag","embeddable":true,"href":"https:\/\/diarioregionaldigital.com.br\/index.php?rest_route=%2Fwp%2Fv2%2Ftags&post=89988"}],"curies":[{"name":"wp","href":"https:\/\/api.w.org\/{rel}","templated":true}]}}