{"id":89986,"date":"2018-01-19T15:08:46","date_gmt":"2018-01-19T17:08:46","guid":{"rendered":"http:\/\/diarioregionaljf.com.br\/2018\/01\/19\/jovem-de-21-anos-leva-facada-ao-ser-assaltado-no-ipiranga\/"},"modified":"2018-01-19T15:08:46","modified_gmt":"2018-01-19T17:08:46","slug":"jovem-de-21-anos-leva-facada-ao-ser-assaltado-no-ipiranga","status":"publish","type":"post","link":"https:\/\/diarioregionaldigital.com.br\/?p=89986","title":{"rendered":"Jovem de 21 anos leva facada ao ser assaltado no Ipiranga"},"content":{"rendered":"<p>Um jovem de 21 anos registrou uma ocorr\u00eancia na madrugada desta sexta-feira, 19, relatando ter sido assaltado na Rua Bady Geara, no bairro Ipiranga.<\/p>\n<p>De acordo com informa\u00e7\u00f5es passadas pela Pol\u00edcia Militar (PM), a v\u00edtima de 21 anos relatou que estava em sua bicicleta quando foi abordado por um homem desconhecido que o esfaqueou e levou seu celular, e em seguida evadiu a p\u00e9. A PM fez o rastreamento, mas n\u00e3o obteve \u00eaxito.<\/p>\n<hr \/>\n<p>&nbsp;<\/p>\n","protected":false},"excerpt":{"rendered":"<p>Um jovem de 21 anos registrou uma ocorr\u00eancia na madrugada desta sexta-feira, 19, relatando ter sido assaltado na Rua Bady Geara, no bairro Ipiranga. De acordo com informa\u00e7\u00f5es passadas pela Pol\u00edcia Militar (PM), a v\u00edtima de 21 anos relatou que estava em sua bicicleta quando foi abordado por um homem desconhecido que o esfaqueou e [&hellip;]<\/p>\n","protected":false},"author":96,"featured_media":89985,"comment_status":"closed","ping_status":"closed","sticky":false,"template":"","format":"standard","meta":{"footnotes":""},"categories":[301],"tags":[],"class_list":["post-89986","post","type-post","status-publish","format-standard","has-post-thumbnail","hentry","category-artigos-policiais"],"_links":{"self":[{"href":"https:\/\/diarioregionaldigital.com.br\/index.php?rest_route=\/wp\/v2\/posts\/89986","targetHints":{"allow":["GET"]}}],"collection":[{"href":"https:\/\/diarioregionaldigital.com.br\/index.php?rest_route=\/wp\/v2\/posts"}],"about":[{"href":"https:\/\/diarioregionaldigital.com.br\/index.php?rest_route=\/wp\/v2\/types\/post"}],"author":[{"embeddable":true,"href":"https:\/\/diarioregionaldigital.com.br\/index.php?rest_route=\/wp\/v2\/users\/96"}],"replies":[{"embeddable":true,"href":"https:\/\/diarioregionaldigital.com.br\/index.php?rest_route=%2Fwp%2Fv2%2Fcomments&post=89986"}],"version-history":[{"count":0,"href":"https:\/\/diarioregionaldigital.com.br\/index.php?rest_route=\/wp\/v2\/posts\/89986\/revisions"}],"wp:featuredmedia":[{"embeddable":true,"href":"https:\/\/diarioregionaldigital.com.br\/index.php?rest_route=\/wp\/v2\/media\/89985"}],"wp:attachment":[{"href":"https:\/\/diarioregionaldigital.com.br\/index.php?rest_route=%2Fwp%2Fv2%2Fmedia&parent=89986"}],"wp:term":[{"taxonomy":"category","embeddable":true,"href":"https:\/\/diarioregionaldigital.com.br\/index.php?rest_route=%2Fwp%2Fv2%2Fcategories&post=89986"},{"taxonomy":"post_tag","embeddable":true,"href":"https:\/\/diarioregionaldigital.com.br\/index.php?rest_route=%2Fwp%2Fv2%2Ftags&post=89986"}],"curies":[{"name":"wp","href":"https:\/\/api.w.org\/{rel}","templated":true}]}}