{"id":89982,"date":"2018-01-19T14:22:23","date_gmt":"2018-01-19T16:22:23","guid":{"rendered":"http:\/\/diarioregionaljf.com.br\/2018\/01\/19\/caminhao-de-bebidas-e-assaltado-por-adolescentes-no-bairro-vitorino-braga\/"},"modified":"2018-01-19T14:22:23","modified_gmt":"2018-01-19T16:22:23","slug":"caminhao-de-bebidas-e-assaltado-por-adolescentes-no-bairro-vitorino-braga","status":"publish","type":"post","link":"https:\/\/diarioregionaldigital.com.br\/?p=89982","title":{"rendered":"Caminh\u00e3o de bebidas \u00e9 assaltado por adolescentes no Bairro Vitorino Braga"},"content":{"rendered":"<p>Um caminh\u00e3o de entrega de bebidas estava realizando o descarregamento em um com\u00e9rcio na Rua Clorindo Burnier, bairro Vitorino Braga, zona Leste da cidade, quando os dois funcion\u00e1rios que estavam realizando o trabalho foram abordados por tr\u00eas adolescentes.<\/p>\n<p>Neste momento da abordagem j\u00e1 foi anunciado o assalto, sendo que um dos menores j\u00e1 estava com uma arma em punho e disse \u00e0s v\u00edtimas que s\u00f3 queriam as notas de R$100,00. Ap\u00f3s essa conversa come\u00e7aram a desferir chutes e uma coronhada na cabe\u00e7a de uma das v\u00edtimas, entretanto nenhuma das v\u00edtimas teve ferimentos graves.<\/p>\n<p>Como o dinheiro encontrava-se no interior de um cofre, os autores pegaram o dinheiro que seria utilizado para troco, aproximadamente a quantia de R$100,00 reais em moeda corrente. Logo ap\u00f3s o roubo os autores evadiram sentido a um escad\u00e3o que d\u00e1 acesso ao bairro Santa C\u00e2ndida, tamb\u00e9m zona Leste. Os autores foram identificados por populares que presenciaram o assalto, mas a PM n\u00e3o conseguiu encontrar tais envolvidos para efetuar o flagrante.<\/p>\n<hr \/>\n<p>&nbsp;<\/p>\n","protected":false},"excerpt":{"rendered":"<p>Um caminh\u00e3o de entrega de bebidas estava realizando o descarregamento em um com\u00e9rcio na Rua Clorindo Burnier, bairro Vitorino Braga, zona Leste da cidade, quando os dois funcion\u00e1rios que estavam realizando o trabalho foram abordados por tr\u00eas adolescentes. Neste momento da abordagem j\u00e1 foi anunciado o assalto, sendo que um dos menores j\u00e1 estava com [&hellip;]<\/p>\n","protected":false},"author":96,"featured_media":89981,"comment_status":"closed","ping_status":"closed","sticky":false,"template":"","format":"standard","meta":{"footnotes":""},"categories":[301],"tags":[],"class_list":["post-89982","post","type-post","status-publish","format-standard","has-post-thumbnail","hentry","category-artigos-policiais"],"_links":{"self":[{"href":"https:\/\/diarioregionaldigital.com.br\/index.php?rest_route=\/wp\/v2\/posts\/89982","targetHints":{"allow":["GET"]}}],"collection":[{"href":"https:\/\/diarioregionaldigital.com.br\/index.php?rest_route=\/wp\/v2\/posts"}],"about":[{"href":"https:\/\/diarioregionaldigital.com.br\/index.php?rest_route=\/wp\/v2\/types\/post"}],"author":[{"embeddable":true,"href":"https:\/\/diarioregionaldigital.com.br\/index.php?rest_route=\/wp\/v2\/users\/96"}],"replies":[{"embeddable":true,"href":"https:\/\/diarioregionaldigital.com.br\/index.php?rest_route=%2Fwp%2Fv2%2Fcomments&post=89982"}],"version-history":[{"count":0,"href":"https:\/\/diarioregionaldigital.com.br\/index.php?rest_route=\/wp\/v2\/posts\/89982\/revisions"}],"wp:featuredmedia":[{"embeddable":true,"href":"https:\/\/diarioregionaldigital.com.br\/index.php?rest_route=\/wp\/v2\/media\/89981"}],"wp:attachment":[{"href":"https:\/\/diarioregionaldigital.com.br\/index.php?rest_route=%2Fwp%2Fv2%2Fmedia&parent=89982"}],"wp:term":[{"taxonomy":"category","embeddable":true,"href":"https:\/\/diarioregionaldigital.com.br\/index.php?rest_route=%2Fwp%2Fv2%2Fcategories&post=89982"},{"taxonomy":"post_tag","embeddable":true,"href":"https:\/\/diarioregionaldigital.com.br\/index.php?rest_route=%2Fwp%2Fv2%2Ftags&post=89982"}],"curies":[{"name":"wp","href":"https:\/\/api.w.org\/{rel}","templated":true}]}}