{"id":89980,"date":"2018-01-19T14:06:20","date_gmt":"2018-01-19T16:06:20","guid":{"rendered":"http:\/\/diarioregionaljf.com.br\/2018\/01\/19\/pais-busca-produzir-de-maneira-mais-sustentavel-afirma-ministro-da-agricultura\/"},"modified":"2018-01-19T14:06:20","modified_gmt":"2018-01-19T16:06:20","slug":"pais-busca-produzir-de-maneira-mais-sustentavel-afirma-ministro-da-agricultura","status":"publish","type":"post","link":"https:\/\/diarioregionaldigital.com.br\/?p=89980","title":{"rendered":"Pa\u00eds busca produzir de maneira mais sustent\u00e1vel, afirma ministro da Agricultura"},"content":{"rendered":"<p>O ministro da Agricultura, Pecu\u00e1ria e Abastecimento, Blairo Maggi, disse hoje, 18, ao participar do F\u00f3rum Global para a Alimenta\u00e7\u00e3o e a Agricultura, em Berlim, que o Brasil tem buscado respostas para produzir mais alimentos de maneira sustent\u00e1vel.<\/p>\n<p>Um dos desafios debatidos durante o evento na capital alem\u00e3 \u00e9 encontrar solu\u00e7\u00f5es sustent\u00e1veis para produzir alimentos at\u00e9 2030, quando o crescimento populacional dever\u00e1 ser de mais 1 bilh\u00e3o de pessoas, conforme previs\u00e3o da previs\u00e3o da Organiza\u00e7\u00e3o das Na\u00e7\u00f5es Unidas (ONU),.<\/p>\n<p>\u201cO exemplo inovador do Brasil, aliando produ\u00e7\u00e3o e sustentabilidade, poder\u00e1 minimizar os efeitos do aquecimento global, conservar a biodiversidade e contribuir para a seguran\u00e7a alimentar e para a qualidade de vida no planeta\u201d, disse o ministro.<\/p>\n<p>Segundo Maggi, a legisla\u00e7\u00e3o ambiental brasileira estabeleceu regras espec\u00edficas para a atividade agropecu\u00e1ria, definindo, inclusive, \u00e1reas de preserva\u00e7\u00e3o ambiental envolvendo rios, topo de morros e encostas. \u201cA legisla\u00e7\u00e3o ambiental brasileira \u00e9 uma das mais r\u00edgidas e exigentes, principalmente com os produtores rurais\u201d, afirmou.<\/p>\n<p>Em discurso, o ministro destacou que a intensifica\u00e7\u00e3o do uso de tecnologias na agropecu\u00e1ria brasileira contribuiu para o aumento da produ\u00e7\u00e3o e a redu\u00e7\u00e3o das \u00e1reas destinadas ao setor. \u201cO rebanho brasileiro aumentou de 145 milh\u00f5es, em 1990, para 218 milh\u00f5es em 2017, reduzindo o tamanho da \u00e1rea de pasto, no per\u00edodo, de 188 milh\u00f5es de hectares, para menos de 167 milh\u00f5es\u201d, acrescentou.<\/p>\n<p>No caso da agricultura,Maggi disse que o resultado foi mais significativo, com incremento na produ\u00e7\u00e3o de gr\u00e3os, de 386%, em 40 anos, enquanto o aumento de \u00e1rea foi de 33%. \u201cO uso de tecnologia e da inova\u00e7\u00e3o, em ambiente tropical, propiciou plantio de duas safras por ano com a fixa\u00e7\u00e3o biol\u00f3gica de nitrog\u00eanio e o plantio direto\u201d, afirmou o ministro. No entanto, ressaltou Maggi, &#8220;campanhas mal-intencionadas de competidores ineficientes tentam denegrir a trajet\u00f3ria mais vitoriosa de um pa\u00eds tropical no mercado internacional agropecu\u00e1rio\u201d.<\/p>\n<hr \/>\n<p>&nbsp;Fonte: Ag\u00eancia Brasil<\/p>\n","protected":false},"excerpt":{"rendered":"<p>O ministro da Agricultura, Pecu\u00e1ria e Abastecimento, Blairo Maggi, disse hoje, 18, ao participar do F\u00f3rum Global para a Alimenta\u00e7\u00e3o e a Agricultura, em Berlim, que o Brasil tem buscado respostas para produzir mais alimentos de maneira sustent\u00e1vel. Um dos desafios debatidos durante o evento na capital alem\u00e3 \u00e9 encontrar solu\u00e7\u00f5es sustent\u00e1veis para produzir alimentos [&hellip;]<\/p>\n","protected":false},"author":96,"featured_media":89979,"comment_status":"closed","ping_status":"closed","sticky":false,"template":"","format":"standard","meta":{"footnotes":""},"categories":[261],"tags":[],"class_list":["post-89980","post","type-post","status-publish","format-standard","has-post-thumbnail","hentry","category-economia"],"_links":{"self":[{"href":"https:\/\/diarioregionaldigital.com.br\/index.php?rest_route=\/wp\/v2\/posts\/89980","targetHints":{"allow":["GET"]}}],"collection":[{"href":"https:\/\/diarioregionaldigital.com.br\/index.php?rest_route=\/wp\/v2\/posts"}],"about":[{"href":"https:\/\/diarioregionaldigital.com.br\/index.php?rest_route=\/wp\/v2\/types\/post"}],"author":[{"embeddable":true,"href":"https:\/\/diarioregionaldigital.com.br\/index.php?rest_route=\/wp\/v2\/users\/96"}],"replies":[{"embeddable":true,"href":"https:\/\/diarioregionaldigital.com.br\/index.php?rest_route=%2Fwp%2Fv2%2Fcomments&post=89980"}],"version-history":[{"count":0,"href":"https:\/\/diarioregionaldigital.com.br\/index.php?rest_route=\/wp\/v2\/posts\/89980\/revisions"}],"wp:featuredmedia":[{"embeddable":true,"href":"https:\/\/diarioregionaldigital.com.br\/index.php?rest_route=\/wp\/v2\/media\/89979"}],"wp:attachment":[{"href":"https:\/\/diarioregionaldigital.com.br\/index.php?rest_route=%2Fwp%2Fv2%2Fmedia&parent=89980"}],"wp:term":[{"taxonomy":"category","embeddable":true,"href":"https:\/\/diarioregionaldigital.com.br\/index.php?rest_route=%2Fwp%2Fv2%2Fcategories&post=89980"},{"taxonomy":"post_tag","embeddable":true,"href":"https:\/\/diarioregionaldigital.com.br\/index.php?rest_route=%2Fwp%2Fv2%2Ftags&post=89980"}],"curies":[{"name":"wp","href":"https:\/\/api.w.org\/{rel}","templated":true}]}}