{"id":89978,"date":"2018-01-19T01:44:36","date_gmt":"2018-01-19T03:44:36","guid":{"rendered":"http:\/\/diarioregionaljf.com.br\/2018\/01\/19\/curso-tecnico-pode-aumentar-renda-do-trabalhador-em-ate-18\/"},"modified":"2018-01-19T01:44:36","modified_gmt":"2018-01-19T03:44:36","slug":"curso-tecnico-pode-aumentar-renda-do-trabalhador-em-ate-18","status":"publish","type":"post","link":"https:\/\/diarioregionaldigital.com.br\/?p=89978","title":{"rendered":"Curso t\u00e9cnico pode aumentar renda do trabalhador em at\u00e9 18%"},"content":{"rendered":"<p>Profissionais que fizeram cursos t\u00e9cnicos t\u00eam um acr\u00e9scimo na renda de 18%, em m\u00e9dia, em rela\u00e7\u00e3o a pessoas com perfis socioecon\u00f4micos semelhantes que conclu\u00edram apenas o ensino m\u00e9dio regular.<\/p>\n<p>Esses dados foram apresentados diante o cruzamento de informa\u00e7\u00f5es com base em dados do suplemento especial, divulgado pela Pesquisa Nacional por Amostra de Domic\u00edlios (Pnad), do Instituto Brasileiro de Geografia e Estat\u00edstica (IBGE).<\/p>\n<p>Os cursos t\u00e9cnicos t\u00eam carga hor\u00e1ria m\u00e9dia de 1.200h (cerca de 1 ano e 6 meses). E s\u00e3o especializa\u00e7\u00f5es destinadas a alunos matriculados ou que j\u00e1 conclu\u00edram o ensino m\u00e9dio. O estudante aprende uma profiss\u00e3o e, ao t\u00e9rmino, recebe um diploma, essa \u00e9 uma das maiores qualidade de se matricular em um curso t\u00e9cnico juntamente ao ensino m\u00e9dio ou ap\u00f3s finaliz\u00e1-lo.<\/p>\n<p>O estudo em quest\u00e3o tamb\u00e9m tra\u00e7ou o perfil das pessoas que fazem cursos t\u00e9cnicos e profissionalizantes. O universo dos trabalhadores que conclu\u00edram um curso t\u00e9cnico est\u00e1 dividido igualmente entre homens e mulheres (50,4% de homens); a maioria identifica-se como branco (55,9%) e vive em cidades (95,8%), principalmente em regi\u00f5es metropolitanas (39,8%).<\/p>\n<p>A maioria tem entre 25 e 44 anos (50,3%) e a maior fatia (75%) se situa nas faixas m\u00e9dias de renda familiar per capita \u2013 1 a 2 sal\u00e1rios m\u00ednimos ou acima \u2013 enquanto essa renda se aplica a 44,5% entre aqueles que nunca frequentaram cursos de educa\u00e7\u00e3o profissional.<\/p>\n<p>Os benef\u00edcios dos cursos t\u00e9cnicos tamb\u00e9m aumentam com o tempo. De acordo com dados da Rela\u00e7\u00e3o Anual de Informa\u00e7\u00f5es Sociais (RAIS), do Minist\u00e9rio do Trabalho, por exemplo, um T\u00e9cnico em Minera\u00e7\u00e3o \u2013 um dos profissionais com forma\u00e7\u00e3o t\u00e9cnica mais requisitados do mercado \u2013 tem sal\u00e1rio inicial de R$2.185. Com 10 anos ou mais de carreira, o trabalhador nessa fun\u00e7\u00e3o tinha sal\u00e1rio de R$10.105.<\/p>\n<h4>Facilidades em cursar um curso t\u00e9cnico<\/h4>\n<p>Enquanto o mercado de trabalho se desenvolve, mais exigente ele fica. Dessa forma, quanto mais sofisticado e arrojado estiver o cen\u00e1rio de empregos, mais ele precisar\u00e1 de profissionais devidamente qualificados. No Brasil, contudo, \u00e9 dif\u00edcil para que os trabalhadores consigam acompanhar as novas demandas do mercado.<\/p>\n<p>Em outras palavras, o brasileiro tem dificuldade de se inserir nesse novo contexto uma vez que n\u00e3o lhe s\u00e3o concedidas muitas oportunidades.<\/p>\n<p>De maneira geral, o principal problema da nossa situa\u00e7\u00e3o \u00e9 em rela\u00e7\u00e3o ao estudo. E muitos fatores est\u00e3o envolvidos: o ensino p\u00fablico \u00e9 muito concorrido, a gradua\u00e7\u00e3o \u00e9 um curso mais demorado, muitos profissionais saem do Ensino M\u00e9dio sem acesso a mais educa\u00e7\u00e3o, e os problemas v\u00e3o crescendo.<\/p>\n<p>Por conta disso, \u00e9 preciso entender, mais do que nunca, a import\u00e2ncia do curso t\u00e9cnico. Principalmente para os jovens que n\u00e3o puderam dar continuidade aos seus ensinos na rede p\u00fablica, n\u00e3o podendo fazer uma gradua\u00e7\u00e3o. Isso porque o ensino t\u00e9cnico \u00e9, hoje em dia, conhecido como o caminho mais curto para o mercado de trabalho, al\u00e9m de aumentar as perspectivas, posteriormente, de um ingresso no ensino superior.<\/p>\n<h4>Conhe\u00e7a os cursos do Col\u00e9gio Pio XII<\/h4>\n<p>O Col\u00e9gio Polit\u00e9cnico Pio XII, localizado na Rua Esp\u00edrito Santo, 1.301, no Centro de Juiz de Fora, \u00e9 altamente capacitado em formar T\u00e9cnicos em diversos setores com muita qualidade. Estudar no Pio XII \u00e9 a dica para aqueles que sentem paix\u00e3o pela profiss\u00e3o, e tendem a se especializar e entrar no mercado de trabalho logo ap\u00f3s se formar.<\/p>\n<p>A institui\u00e7\u00e3o oferece oito cursos t\u00e9cnicos, s\u00e3o eles: &#8211; administra\u00e7\u00e3o, contabilidade, enfermagem, eletr\u00f4nica, inform\u00e1tica, meio ambiente, qu\u00edmica e seguran\u00e7a do trabalho. Mais informa\u00e7\u00f5es sobre esses e outros curso acesse o site, (<a href=\"http:\/\/www.colegiopioxii.com.br\">www.colegiopioxii.com.br<\/a>).<\/p>\n","protected":false},"excerpt":{"rendered":"<p>Profissionais que fizeram cursos t\u00e9cnicos t\u00eam um acr\u00e9scimo na renda de 18%, em m\u00e9dia, em rela\u00e7\u00e3o a pessoas com perfis socioecon\u00f4micos semelhantes que conclu\u00edram apenas o ensino m\u00e9dio regular. Esses dados foram apresentados diante o cruzamento de informa\u00e7\u00f5es com base em dados do suplemento especial, divulgado pela Pesquisa Nacional por Amostra de Domic\u00edlios (Pnad), do [&hellip;]<\/p>\n","protected":false},"author":96,"featured_media":89977,"comment_status":"closed","ping_status":"closed","sticky":false,"template":"","format":"standard","meta":{"footnotes":""},"categories":[291],"tags":[],"class_list":["post-89978","post","type-post","status-publish","format-standard","has-post-thumbnail","hentry","category-versoes-artigos-de-opiniao"],"_links":{"self":[{"href":"https:\/\/diarioregionaldigital.com.br\/index.php?rest_route=\/wp\/v2\/posts\/89978","targetHints":{"allow":["GET"]}}],"collection":[{"href":"https:\/\/diarioregionaldigital.com.br\/index.php?rest_route=\/wp\/v2\/posts"}],"about":[{"href":"https:\/\/diarioregionaldigital.com.br\/index.php?rest_route=\/wp\/v2\/types\/post"}],"author":[{"embeddable":true,"href":"https:\/\/diarioregionaldigital.com.br\/index.php?rest_route=\/wp\/v2\/users\/96"}],"replies":[{"embeddable":true,"href":"https:\/\/diarioregionaldigital.com.br\/index.php?rest_route=%2Fwp%2Fv2%2Fcomments&post=89978"}],"version-history":[{"count":0,"href":"https:\/\/diarioregionaldigital.com.br\/index.php?rest_route=\/wp\/v2\/posts\/89978\/revisions"}],"wp:featuredmedia":[{"embeddable":true,"href":"https:\/\/diarioregionaldigital.com.br\/index.php?rest_route=\/wp\/v2\/media\/89977"}],"wp:attachment":[{"href":"https:\/\/diarioregionaldigital.com.br\/index.php?rest_route=%2Fwp%2Fv2%2Fmedia&parent=89978"}],"wp:term":[{"taxonomy":"category","embeddable":true,"href":"https:\/\/diarioregionaldigital.com.br\/index.php?rest_route=%2Fwp%2Fv2%2Fcategories&post=89978"},{"taxonomy":"post_tag","embeddable":true,"href":"https:\/\/diarioregionaldigital.com.br\/index.php?rest_route=%2Fwp%2Fv2%2Ftags&post=89978"}],"curies":[{"name":"wp","href":"https:\/\/api.w.org\/{rel}","templated":true}]}}