{"id":89973,"date":"2018-01-18T23:01:11","date_gmt":"2018-01-19T01:01:11","guid":{"rendered":"http:\/\/diarioregionaljf.com.br\/2018\/01\/18\/comerciantes-estao-na-expectativa-por-aumento-de-15-a-20-nas-vendas-de-material-escolar\/"},"modified":"2018-01-18T23:01:11","modified_gmt":"2018-01-19T01:01:11","slug":"comerciantes-estao-na-expectativa-por-aumento-de-15-a-20-nas-vendas-de-material-escolar","status":"publish","type":"post","link":"https:\/\/diarioregionaldigital.com.br\/?p=89973","title":{"rendered":"Comerciantes est\u00e3o na expectativa por aumento de 15% a 20% nas vendas de material escolar"},"content":{"rendered":"<p>Comerciantes de Juiz de Fora est\u00e3o esperan\u00e7osos ap\u00f3s registrarem crescimento nas vendas de materiais escolares no in\u00edcio deste ano. A primeira semana de janeiro para algumas papelarias da cidade foi de intenso movimento, per\u00edodo em que elas venderam cerca de 10% da mercadoria que esperam comercializar at\u00e9 o fim da temporada, que se estende at\u00e9 os \u00faltimos dias de mar\u00e7o. A expectativa \u00e9 lucrar de 15% a 20% a mais do que o resultado atingido de 2017.<\/p>\n<p>\u201cA primeira quinzena deste m\u00eas foi bem aquecida e tende a melhorar ainda mais no fim do m\u00eas e no in\u00edcio de fevereiro\u201d, afirma Leandro Braga, subgerente de uma papelaria da cidade.<\/p>\n<p>Todo o otimismo est\u00e1 associado ao comportamento do consumidor, que aproveita a \u00e9poca para renovar o material de seus filhos. Apesar disso, os lojistas afirmam que a clientela est\u00e1 mais cautelosa na hora das compras. \u201cO consumidor est\u00e1 mais atento a pre\u00e7os. Ele tem pesquisado cada vez mais e procurado substituir alguns materiais por outros mais econ\u00f4micos ou necess\u00e1rios\u201d, diz o comerciante, acrescentando que os pais t\u00eam optado por reaproveitar os itens. \u201cEmbora seja um momento em que eles costumam renovar todo o kit, neste ano percebemos que materiais de grande dura\u00e7\u00e3o, como tesouras, estojos e at\u00e9 mochilas, quando em bom estado, n\u00e3o s\u00e3o trocados\u201d, refor\u00e7a.<\/p>\n<p>J\u00e1 prevendo o crescimento da demanda, outra loja da cidade refor\u00e7ou o estoque. Segundo o subgerente Michel Adriano, as vendas de mochilas subiram cerca de 30%. \u201cEstamos trabalhando com uma linha mais extensa, de qualidade melhor e pre\u00e7o mais variados para atender a diversos p\u00fablicos. E isso tem feito a diferen\u00e7a\u201d, comenta.<\/p>\n<p>O subgerente lembra que desde o m\u00eas passado j\u00e1 tinha gente pesquisando pre\u00e7o e at\u00e9 mesmo comprando. \u201cO consumidor j\u00e1 come\u00e7a a pesquisar no Natal. Dezembro tamb\u00e9m \u00e9 um per\u00edodo em que vendemos bastante tamb\u00e9m, algumas pessoas aproveitam para presentear os filhos com mochilas ou outros acess\u00f3rios e j\u00e1 antecipam as compras de in\u00edcio de ano\u201d, diz.<\/p>\n<p>VARIA\u00c7\u00c3O DE PRE\u00c7OS<\/p>\n<p>A reportagem do Di\u00e1rio Regional visitou algumas papelarias da cidade e analisou itens que fazem parte de uma lista b\u00e1sica de materiais escolares, como borracha, apontador simples, l\u00e1pis preto, corretivo, cola branca, caixa de l\u00e1pis com 12 cores, lapiseira, caneta, r\u00e9gua 30 cm, caderno brochur\u00e3o de 96 folhas, caderno espiral capa dura 10 mat\u00e9rias e pacote de papel A4 com 100 folhas. A varia\u00e7\u00e3o observada foi de quase 28% no valor da lista completa.<\/p>\n","protected":false},"excerpt":{"rendered":"<p>Comerciantes de Juiz de Fora est\u00e3o esperan\u00e7osos ap\u00f3s registrarem crescimento nas vendas de materiais escolares no in\u00edcio deste ano. A primeira semana de janeiro para algumas papelarias da cidade foi de intenso movimento, per\u00edodo em que elas venderam cerca de 10% da mercadoria que esperam comercializar at\u00e9 o fim da temporada, que se estende at\u00e9 [&hellip;]<\/p>\n","protected":false},"author":96,"featured_media":0,"comment_status":"closed","ping_status":"closed","sticky":false,"template":"","format":"standard","meta":{"footnotes":""},"categories":[253],"tags":[],"class_list":["post-89973","post","type-post","status-publish","format-standard","hentry","category-cidade"],"_links":{"self":[{"href":"https:\/\/diarioregionaldigital.com.br\/index.php?rest_route=\/wp\/v2\/posts\/89973","targetHints":{"allow":["GET"]}}],"collection":[{"href":"https:\/\/diarioregionaldigital.com.br\/index.php?rest_route=\/wp\/v2\/posts"}],"about":[{"href":"https:\/\/diarioregionaldigital.com.br\/index.php?rest_route=\/wp\/v2\/types\/post"}],"author":[{"embeddable":true,"href":"https:\/\/diarioregionaldigital.com.br\/index.php?rest_route=\/wp\/v2\/users\/96"}],"replies":[{"embeddable":true,"href":"https:\/\/diarioregionaldigital.com.br\/index.php?rest_route=%2Fwp%2Fv2%2Fcomments&post=89973"}],"version-history":[{"count":0,"href":"https:\/\/diarioregionaldigital.com.br\/index.php?rest_route=\/wp\/v2\/posts\/89973\/revisions"}],"wp:attachment":[{"href":"https:\/\/diarioregionaldigital.com.br\/index.php?rest_route=%2Fwp%2Fv2%2Fmedia&parent=89973"}],"wp:term":[{"taxonomy":"category","embeddable":true,"href":"https:\/\/diarioregionaldigital.com.br\/index.php?rest_route=%2Fwp%2Fv2%2Fcategories&post=89973"},{"taxonomy":"post_tag","embeddable":true,"href":"https:\/\/diarioregionaldigital.com.br\/index.php?rest_route=%2Fwp%2Fv2%2Ftags&post=89973"}],"curies":[{"name":"wp","href":"https:\/\/api.w.org\/{rel}","templated":true}]}}