{"id":89972,"date":"2018-01-18T22:58:12","date_gmt":"2018-01-19T00:58:12","guid":{"rendered":"http:\/\/diarioregionaljf.com.br\/2018\/01\/18\/fazendo-melhores-escolhas\/"},"modified":"2018-04-16T08:10:37","modified_gmt":"2018-04-16T11:10:37","slug":"fazendo-melhores-escolhas","status":"publish","type":"post","link":"https:\/\/diarioregionaldigital.com.br\/?p=89972","title":{"rendered":"Fazendo Melhores Escolhas"},"content":{"rendered":"<p>\u00c0 medida que voc\u00ea come\u00e7a a ter mais contato com os seus sentimentos, transforma\u00e7\u00f5es decisivas come\u00e7am a ocorrer na sua auto-estima e, em conseq\u00fc\u00eancia, no seu sucesso.<\/p>\n<p>Use seus pr\u00f3prios olhos. Escute seu pr\u00f3prio cora\u00e7\u00e3o. Decida voc\u00ea mesmo aonde quer chegar. Quando outros fazem isso por voc\u00ea, a recompensa nunca ser\u00e1 sua.<\/p>\n<p>\u00c0s vezes voc\u00ea acha que est\u00e1 quase concretizando alguma coisa importante na sua vida, mas, de repente&#8230; Quando tudo estava preparado para dar certo, alguma coisa sai errado. Voc\u00ea n\u00e3o entende por que, mas \u00e9 reprovado em um concurso importante para sua car\u00acreira ou n\u00e3o consegue aquela promo\u00e7\u00e3o que estava para sair.<\/p>\n<p>Na hora H, voc\u00ea sempre comete alguma falha que n\u00e3o sabe explicar. E, depois, fica se perguntando: &#8220;Onde \u00e9 que estava o erro? Por que ser\u00e1 que n\u00e3o deu certo?&#8221;.<\/p>\n<p>Mesmo n\u00e3o percebendo, alguma coisa estava deslocada na sua mente. Pode ser que voc\u00ea tenha usado o hemisf\u00e9rio direito do seu c\u00e9rebro em uma si\u00actu\u00aca-\u00e7\u00e3o que o esquerdo seria mais eficiente, ou vice-versa. Mas o mais prov\u00e1vel \u00e9 que seus pr\u00f3prios valores de auto-estima estivessem deslocados na sua mente.<\/p>\n<p>&nbsp;<\/p>\n<p><strong>Trabalhando contra voc\u00ea<\/strong><\/p>\n<p>As coisas se encaminham da melhor forma poss\u00edvel. Chega, finalmente, a oportunidade para conseguir a t\u00e3o esperada promo\u00e7\u00e3o e voc\u00ea s\u00f3 precisa se colocar como um profissional competente para que o seu chefe se decida. Por\u00e9m, no seu inconsciente, sem que voc\u00ea saiba, ainda \u00e9 forte a observa\u00e7\u00e3o negativa feita pelo seu pai quando voc\u00ea era crian\u00e7a: \u201cVoc\u00ea \u00e9 tapado, voc\u00ea n\u00e3o serve para estudar\u201d.<\/p>\n<p>Sabe o que vai acontecer na hora H? Voc\u00ea vai falhar!<\/p>\n<p>Voc\u00ea acha que isso n\u00e3o faz sentido? Ent\u00e3o, me responda: se eu colocar uma t\u00e1bua larga no ch\u00e3o e pedir-lhe que caminhe sobre ela, n\u00e3o tenho d\u00favida de que voc\u00ea o far\u00e1. No en\u00actan\u00acto, se eu colocar a mesma t\u00e1bua entre dois pr\u00e9dios de vinte andares e lhe pedir a mesma coisa, estou certo de que voc\u00ea n\u00e3o andar\u00e1 sobre ela. Mesmo que eu lhe assegure que n\u00e3o vai ter sol atrapalhando a sua vis\u00e3o, nem vento ou qualquer outra coisa que possa incomodar.<\/p>\n<p>Sabe por que voc\u00ea n\u00e3o caminharia sobre a t\u00e1bua no alto de dois pr\u00e9dios de vinte andares, mesmo sabendo que ela tem largura suficiente para voc\u00ea movimentar-se sobre ela? Porque surge uma voz de dentro de voc\u00ea que diz: \u201cCuidado! Voc\u00ea pode cair\u201d. Ent\u00e3o, voc\u00ea come\u00e7a a tremer e perde a confian\u00e7a em si mesmo.<\/p>\n<p>As mensagens gravadas em nosso inconsciente interferem em nossa seguran\u00e7a. Se forem negativas, criam limita\u00e7\u00f5es. Por outro lado, se forem positivas&#8230;<\/p>\n<p>A limita\u00e7\u00e3o \u00e9 o resultado de uma mensagem negativa que est\u00e1 codificada em nossa mente.<\/p>\n<p>Ter a auto-estima abalada na in\u00acf\u00e2ncia n\u00e3o depende apenas de ter tido um pai muito severo. Os adultos, mesmo sem perceber, submetem a maioria das crian\u00e7as a in\u00fameras ofensas. Tais ofensas podem abalar profundamente o amor-pr\u00f3prio e a autoconfian\u00e7a dessas crian\u00e7as. Ent\u00e3o, quando adultas, inconscientemente, elas se sentem meio bobas, incapazes, indesejadas, desajeitadas, incom\u00acpe\u00actentes, enver\u00acgo\u00acnhadas e critic\u00e1veis. \u00c9 como se continuas-sem, \u00e0s vezes, sen\u00acdo fr\u00e1geis crian\u00e7as no meio de adul\u00actos poderosos.<\/p>\n<p>&nbsp;<\/p>\n<p><strong>Dr. Lair Ribeiro &#8211; M\u00e9dico Cardiologista. Palestrante internacional, ex-diretor da Merck Sharp &amp; Dohme e da Ciba-Geigy Corporation, nos Estados Unidos, e autor de v\u00e1rios livros que se tornaram best-sellers no Brasil e em pa\u00edses da Am\u00e9rica Latina e da Europa.<\/strong><\/p>\n<\/p>\n<p><!--[endif]--><\/p>\n","protected":false},"excerpt":{"rendered":"<p>\u00c0 medida que voc\u00ea come\u00e7a a ter mais contato com os seus sentimentos, transforma\u00e7\u00f5es decisivas come\u00e7am a ocorrer na sua auto-estima e, em conseq\u00fc\u00eancia, no seu sucesso. Use seus pr\u00f3prios olhos. Escute seu pr\u00f3prio cora\u00e7\u00e3o. Decida voc\u00ea mesmo aonde quer chegar. Quando outros fazem isso por voc\u00ea, a recompensa nunca ser\u00e1 sua. \u00c0s vezes voc\u00ea [&hellip;]<\/p>\n","protected":false},"author":96,"featured_media":89971,"comment_status":"closed","ping_status":"closed","sticky":false,"template":"","format":"standard","meta":{"footnotes":""},"categories":[274],"tags":[],"class_list":["post-89972","post","type-post","status-publish","format-standard","has-post-thumbnail","hentry","category-dr-lair-ribeiro"],"_links":{"self":[{"href":"https:\/\/diarioregionaldigital.com.br\/index.php?rest_route=\/wp\/v2\/posts\/89972","targetHints":{"allow":["GET"]}}],"collection":[{"href":"https:\/\/diarioregionaldigital.com.br\/index.php?rest_route=\/wp\/v2\/posts"}],"about":[{"href":"https:\/\/diarioregionaldigital.com.br\/index.php?rest_route=\/wp\/v2\/types\/post"}],"author":[{"embeddable":true,"href":"https:\/\/diarioregionaldigital.com.br\/index.php?rest_route=\/wp\/v2\/users\/96"}],"replies":[{"embeddable":true,"href":"https:\/\/diarioregionaldigital.com.br\/index.php?rest_route=%2Fwp%2Fv2%2Fcomments&post=89972"}],"version-history":[{"count":0,"href":"https:\/\/diarioregionaldigital.com.br\/index.php?rest_route=\/wp\/v2\/posts\/89972\/revisions"}],"wp:featuredmedia":[{"embeddable":true,"href":"https:\/\/diarioregionaldigital.com.br\/index.php?rest_route=\/wp\/v2\/media\/89971"}],"wp:attachment":[{"href":"https:\/\/diarioregionaldigital.com.br\/index.php?rest_route=%2Fwp%2Fv2%2Fmedia&parent=89972"}],"wp:term":[{"taxonomy":"category","embeddable":true,"href":"https:\/\/diarioregionaldigital.com.br\/index.php?rest_route=%2Fwp%2Fv2%2Fcategories&post=89972"},{"taxonomy":"post_tag","embeddable":true,"href":"https:\/\/diarioregionaldigital.com.br\/index.php?rest_route=%2Fwp%2Fv2%2Ftags&post=89972"}],"curies":[{"name":"wp","href":"https:\/\/api.w.org\/{rel}","templated":true}]}}