{"id":89969,"date":"2018-01-18T22:39:17","date_gmt":"2018-01-19T00:39:17","guid":{"rendered":"http:\/\/diarioregionaljf.com.br\/2018\/01\/18\/in-moda-responde-21-janeiro-2018\/"},"modified":"2018-01-18T22:39:17","modified_gmt":"2018-01-19T00:39:17","slug":"in-moda-responde-21-janeiro-2018","status":"publish","type":"post","link":"https:\/\/diarioregionaldigital.com.br\/?p=89969","title":{"rendered":"In Moda Responde"},"content":{"rendered":"<p><strong>D\u00favidas sobre moda ou precisando de uma dica? Envie um e-mail para apaulacalixto@hotmail.com que IN MODA responde!<\/strong><\/p>\n<p><strong><em>Sou uma pessoa muito b\u00e1sica, e meu guarda roupa se resume a camisetas e jeans. Gostaria de saber em que posso investir para sair da mesmice?<\/em><\/strong><br \/><strong><em>Adriele Louren\u00e7o<\/em><\/strong><\/p>\n<p>Oi, Adriele! Um guarda roupas b\u00e1sico \u00e9 um prato cheio pra misturar as pe\u00e7as e conseguir um look it girl. Se voc\u00ea misturar at\u00e9 mesmo uma t-shirt listrada com um blazer ou uma pe\u00e7a com estampa discreta voc\u00ea j\u00e1 ter\u00e1 sa\u00eddo do \u00f3bvio. Os acess\u00f3rios, como maxi brincos ou colares s\u00e3o seus aliados nessa hora, e s\u00e3o super democr\u00e1ticos. Outras pe\u00e7as em alta s\u00e3o tamb\u00e9m o kimono ou colete, que d\u00e3o aquele up \u00e0 produ\u00e7\u00e3o e criam silhuetas fant\u00e1sticas.<\/p>\n<p>&nbsp;<\/p>\n<p><strong><em>O que devo usar num jantar de ensaio? Nunca participei de um evento desses antes ent\u00e3o n\u00e3o tenho muitas refer\u00eancias.<\/em><\/strong><br \/><strong><em>Daniela Freitas<\/em><\/strong><\/p>\n<p>Daniela, uma das regras principais do ensaio \u00e9 a mesma do casamento: n\u00e3o tomar o lugar da noiva. Dito isso, basta se atentar ao local, hor\u00e1rio e ambiente em que voc\u00ea vai estar. O importante \u00e9 se vestir de forma confort\u00e1vel e seguir o dress code do convite. Por\u00e9m, dificilmente a convidada erra ao apostarem um vestido social midi ou um macac\u00e3o de alfaiataria, por exemplo.<\/p>\n<p>&nbsp;<\/p>\n<p><strong><em>Vi que a moda de lingerie aparente est\u00e1 bem em alta! Qual a melhor maneira de usar sem ficar vulgar?<\/em><\/strong><br \/><strong><em>Juliana de Assis<\/em><\/strong><\/p>\n<p>A lingerie realmente tomou as ruas, Juliana! Em cores mais discretas e s\u00f3brias, como o bom e velho preto por exemplo, a lingerie aparente deixa o look com um ar moderno e sensual. Aposte nas sobreposi\u00e7\u00f5es e pe\u00e7as estruturadas para conseguir um visual elegante, e n\u00e3o vulgar.<\/p>\n","protected":false},"excerpt":{"rendered":"<p>D\u00favidas sobre moda ou precisando de uma dica? Envie um e-mail para apaulacalixto@hotmail.com que IN MODA responde! Sou uma pessoa muito b\u00e1sica, e meu guarda roupa se resume a camisetas e jeans. Gostaria de saber em que posso investir para sair da mesmice?Adriele Louren\u00e7o Oi, Adriele! Um guarda roupas b\u00e1sico \u00e9 um prato cheio pra [&hellip;]<\/p>\n","protected":false},"author":96,"featured_media":0,"comment_status":"closed","ping_status":"closed","sticky":false,"template":"","format":"standard","meta":{"footnotes":""},"categories":[285],"tags":[],"class_list":["post-89969","post","type-post","status-publish","format-standard","hentry","category-moda-ana-paula-calixto"],"_links":{"self":[{"href":"https:\/\/diarioregionaldigital.com.br\/index.php?rest_route=\/wp\/v2\/posts\/89969","targetHints":{"allow":["GET"]}}],"collection":[{"href":"https:\/\/diarioregionaldigital.com.br\/index.php?rest_route=\/wp\/v2\/posts"}],"about":[{"href":"https:\/\/diarioregionaldigital.com.br\/index.php?rest_route=\/wp\/v2\/types\/post"}],"author":[{"embeddable":true,"href":"https:\/\/diarioregionaldigital.com.br\/index.php?rest_route=\/wp\/v2\/users\/96"}],"replies":[{"embeddable":true,"href":"https:\/\/diarioregionaldigital.com.br\/index.php?rest_route=%2Fwp%2Fv2%2Fcomments&post=89969"}],"version-history":[{"count":0,"href":"https:\/\/diarioregionaldigital.com.br\/index.php?rest_route=\/wp\/v2\/posts\/89969\/revisions"}],"wp:attachment":[{"href":"https:\/\/diarioregionaldigital.com.br\/index.php?rest_route=%2Fwp%2Fv2%2Fmedia&parent=89969"}],"wp:term":[{"taxonomy":"category","embeddable":true,"href":"https:\/\/diarioregionaldigital.com.br\/index.php?rest_route=%2Fwp%2Fv2%2Fcategories&post=89969"},{"taxonomy":"post_tag","embeddable":true,"href":"https:\/\/diarioregionaldigital.com.br\/index.php?rest_route=%2Fwp%2Fv2%2Ftags&post=89969"}],"curies":[{"name":"wp","href":"https:\/\/api.w.org\/{rel}","templated":true}]}}