{"id":89968,"date":"2018-01-18T22:35:53","date_gmt":"2018-01-19T00:35:53","guid":{"rendered":"http:\/\/diarioregionaljf.com.br\/2018\/01\/18\/trends-21-janeiro-2018\/"},"modified":"2018-01-18T22:35:53","modified_gmt":"2018-01-19T00:35:53","slug":"trends-21-janeiro-2018","status":"publish","type":"post","link":"https:\/\/diarioregionaldigital.com.br\/?p=89968","title":{"rendered":"Trends"},"content":{"rendered":"<p><strong>De volta!<\/strong><\/p>\n<p>Se procurar bem voc\u00ea ainda deve ter na gaveta! Aqueles el\u00e1sticos de cabelo encapados por tecido, que ficam bem fofinhos e male\u00e1veis, lembra? O povo Fashion chama de scrunchie, mas s\u00e3o basicamente aquelas \u201cgominhas\u201c gordinhas nos mais variados tecidos. Pro ver\u00e3o ficam \u00f3timas as estampadas para usar como adorno para rabo de cavalo alto ou coque.<\/p>\n<p>&nbsp;<\/p>\n<\/p>\n<p>&nbsp;<\/p>\n<p><strong>Vers\u00e1til<\/strong><\/p>\n<p>O short voltou com tudo, roubando espa\u00e7o da minissaia! Vers\u00e1til, vai desde o look praia at\u00e9 \u00e0s produ\u00e7\u00f5es mais caprichadas! Os modelos de alfaiataria permitem uma infinidade de combina\u00e7\u00f5es! Aposte nos tons cl\u00e1ssicos: preto, branco e azul marinho e sempre ter\u00e1 uma boa op\u00e7\u00e3o para montar seus looks!<\/p>\n<p><img loading=\"lazy\" decoding=\"async\" class=\" size-full wp-image-89966\" src=\"http:\/\/diarioregionaljf.com.br\/wp-content\/uploads\/2018\/01\/diario-int-23279-2.jpg\" alt=\"thumbnail_VERSATIL.jpg\" width=\"274\" height=\"450\" srcset=\"https:\/\/diarioregionaldigital.com.br\/wp-content\/uploads\/2018\/01\/diario-int-23279-2.jpg 274w, https:\/\/diarioregionaldigital.com.br\/wp-content\/uploads\/2018\/01\/diario-int-23279-2-183x300.jpg 183w\" sizes=\"auto, (max-width: 274px) 100vw, 274px\" \/><\/p>\n<p>&nbsp;<\/p>\n<p><strong>Jardineira<\/strong><\/p>\n<p>Muita gente j\u00e1 teve uma pra chamar de sua! Muitas vezes relacionada ao universo infantil, a pe\u00e7a utilit\u00e1ria ganhou novas vers\u00f5es em materiais diferentes, mas a boa e cl\u00e1ssica jardineira jeans sempre tem lugar garantido no arm\u00e1rio fashion! O bacana \u00e9 dar uma quebrada na vibe esportiva, abrir m\u00e3o da camiseta e t\u00eanis e combinar com pe\u00e7as mais elaboradas, como alfaiataria e scarpin!<\/p>\n<p>&nbsp;<\/p>\n<p><img loading=\"lazy\" decoding=\"async\" class=\" size-full wp-image-89967\" src=\"http:\/\/diarioregionaljf.com.br\/wp-content\/uploads\/2018\/01\/diario-int-23279-3.jpeg\" alt=\"JARDINEIRA.jpeg\" width=\"338\" height=\"450\" srcset=\"https:\/\/diarioregionaldigital.com.br\/wp-content\/uploads\/2018\/01\/diario-int-23279-3.jpeg 338w, https:\/\/diarioregionaldigital.com.br\/wp-content\/uploads\/2018\/01\/diario-int-23279-3-225x300.jpeg 225w\" sizes=\"auto, (max-width: 338px) 100vw, 338px\" \/><\/p>\n<p>&nbsp;<\/p>\n<h4>P\u00cdLULAS DE ESTILO<\/h4>\n<p>&nbsp;<\/p>\n<p>\u201cPrimeiro, conhece- te a ti mesmo. Depois, adorna-te de acordo com isso\u201d<br \/>Ep\u00edteto<\/p>\n<p>&nbsp;<\/p>\n<p>\u201cNada torna uma mulher mais bonita do que a pr\u00f3pria cren\u00e7a de ser bonita\u201d<br \/>Sophia Loren<\/p>\n<p>&nbsp;<\/p>\n<p>\u201cSeja voc\u00ea mesma, n\u00e3o importa o que os outros digam\u201c<br \/>Sting<\/p>\n","protected":false},"excerpt":{"rendered":"<p>De volta! Se procurar bem voc\u00ea ainda deve ter na gaveta! Aqueles el\u00e1sticos de cabelo encapados por tecido, que ficam bem fofinhos e male\u00e1veis, lembra? O povo Fashion chama de scrunchie, mas s\u00e3o basicamente aquelas \u201cgominhas\u201c gordinhas nos mais variados tecidos. Pro ver\u00e3o ficam \u00f3timas as estampadas para usar como adorno para rabo de cavalo [&hellip;]<\/p>\n","protected":false},"author":96,"featured_media":89965,"comment_status":"closed","ping_status":"closed","sticky":false,"template":"","format":"standard","meta":{"footnotes":""},"categories":[285],"tags":[],"class_list":["post-89968","post","type-post","status-publish","format-standard","has-post-thumbnail","hentry","category-moda-ana-paula-calixto"],"_links":{"self":[{"href":"https:\/\/diarioregionaldigital.com.br\/index.php?rest_route=\/wp\/v2\/posts\/89968","targetHints":{"allow":["GET"]}}],"collection":[{"href":"https:\/\/diarioregionaldigital.com.br\/index.php?rest_route=\/wp\/v2\/posts"}],"about":[{"href":"https:\/\/diarioregionaldigital.com.br\/index.php?rest_route=\/wp\/v2\/types\/post"}],"author":[{"embeddable":true,"href":"https:\/\/diarioregionaldigital.com.br\/index.php?rest_route=\/wp\/v2\/users\/96"}],"replies":[{"embeddable":true,"href":"https:\/\/diarioregionaldigital.com.br\/index.php?rest_route=%2Fwp%2Fv2%2Fcomments&post=89968"}],"version-history":[{"count":0,"href":"https:\/\/diarioregionaldigital.com.br\/index.php?rest_route=\/wp\/v2\/posts\/89968\/revisions"}],"wp:featuredmedia":[{"embeddable":true,"href":"https:\/\/diarioregionaldigital.com.br\/index.php?rest_route=\/wp\/v2\/media\/89965"}],"wp:attachment":[{"href":"https:\/\/diarioregionaldigital.com.br\/index.php?rest_route=%2Fwp%2Fv2%2Fmedia&parent=89968"}],"wp:term":[{"taxonomy":"category","embeddable":true,"href":"https:\/\/diarioregionaldigital.com.br\/index.php?rest_route=%2Fwp%2Fv2%2Fcategories&post=89968"},{"taxonomy":"post_tag","embeddable":true,"href":"https:\/\/diarioregionaldigital.com.br\/index.php?rest_route=%2Fwp%2Fv2%2Ftags&post=89968"}],"curies":[{"name":"wp","href":"https:\/\/api.w.org\/{rel}","templated":true}]}}