{"id":89964,"date":"2018-01-18T22:32:39","date_gmt":"2018-01-19T00:32:39","guid":{"rendered":"http:\/\/diarioregionaljf.com.br\/2018\/01\/18\/beleza-21-janeiro-2018\/"},"modified":"2018-01-18T22:32:39","modified_gmt":"2018-01-19T00:32:39","slug":"beleza-21-janeiro-2018","status":"publish","type":"post","link":"https:\/\/diarioregionaldigital.com.br\/?p=89964","title":{"rendered":"Beleza"},"content":{"rendered":"<p>Com as altas temperaturas do ver\u00e3o, aumentam tamb\u00e9m os cuidados com a pele e cabelos! O In Moda elencou tr\u00eas passos importantes para manter as madeixas saud\u00e1veis nessa \u00e9poca!<\/p>\n<p><strong>1\u00ba Enxague bem ap\u00f3s sair do mar e piscina<\/strong><\/p>\n<p>Esse \u00e9 um ponto muito importante na sa\u00fade dos cabelos: deixar os fios livres de produtos que podem ser prejudiciais. Ao sair da \u00e1gua do mar ou piscina \u00e9 essencial enxaguar bem os cabelos, focando tamb\u00e9m no couro cabeludo, impedido que o sal ou cloro penetrem nas cut\u00edculas.<\/p>\n<p><strong>2\u00ba Prote\u00e7\u00e3o solar<\/strong><\/p>\n<p>Com os cabelos j\u00e1 limpos, n\u00e3o podemos esquecer que o sol tamb\u00e9m \u00e9 um grande agressor nessa esta\u00e7\u00e3o. O mercado j\u00e1 oferece v\u00e1rios produtos com fator de prote\u00e7\u00e3o solar, e valem o investimento, pois impedem a quebra e merecem ser usados mesmo no dia a dia.<\/p>\n<p><strong>3\u00ba Aposte nos leave-in<\/strong><\/p>\n<p>Perfeitos para selar o cabelo, os leave-in presentes no mercado hoje s\u00e3o excelentes op\u00e7\u00f5es para uma hidrata\u00e7\u00e3o f\u00e1cil e cont\u00ednua nos fios. Ao serem usados depois do banho, eles mant\u00e9m o cabelo protegido por horas e ajudam a disfar\u00e7ar aspecto de pontas duplas, por exemplo.<\/p>\n","protected":false},"excerpt":{"rendered":"<p>Com as altas temperaturas do ver\u00e3o, aumentam tamb\u00e9m os cuidados com a pele e cabelos! O In Moda elencou tr\u00eas passos importantes para manter as madeixas saud\u00e1veis nessa \u00e9poca! 1\u00ba Enxague bem ap\u00f3s sair do mar e piscina Esse \u00e9 um ponto muito importante na sa\u00fade dos cabelos: deixar os fios livres de produtos que [&hellip;]<\/p>\n","protected":false},"author":96,"featured_media":0,"comment_status":"closed","ping_status":"closed","sticky":false,"template":"","format":"standard","meta":{"footnotes":""},"categories":[285],"tags":[],"class_list":["post-89964","post","type-post","status-publish","format-standard","hentry","category-moda-ana-paula-calixto"],"_links":{"self":[{"href":"https:\/\/diarioregionaldigital.com.br\/index.php?rest_route=\/wp\/v2\/posts\/89964","targetHints":{"allow":["GET"]}}],"collection":[{"href":"https:\/\/diarioregionaldigital.com.br\/index.php?rest_route=\/wp\/v2\/posts"}],"about":[{"href":"https:\/\/diarioregionaldigital.com.br\/index.php?rest_route=\/wp\/v2\/types\/post"}],"author":[{"embeddable":true,"href":"https:\/\/diarioregionaldigital.com.br\/index.php?rest_route=\/wp\/v2\/users\/96"}],"replies":[{"embeddable":true,"href":"https:\/\/diarioregionaldigital.com.br\/index.php?rest_route=%2Fwp%2Fv2%2Fcomments&post=89964"}],"version-history":[{"count":0,"href":"https:\/\/diarioregionaldigital.com.br\/index.php?rest_route=\/wp\/v2\/posts\/89964\/revisions"}],"wp:attachment":[{"href":"https:\/\/diarioregionaldigital.com.br\/index.php?rest_route=%2Fwp%2Fv2%2Fmedia&parent=89964"}],"wp:term":[{"taxonomy":"category","embeddable":true,"href":"https:\/\/diarioregionaldigital.com.br\/index.php?rest_route=%2Fwp%2Fv2%2Fcategories&post=89964"},{"taxonomy":"post_tag","embeddable":true,"href":"https:\/\/diarioregionaldigital.com.br\/index.php?rest_route=%2Fwp%2Fv2%2Ftags&post=89964"}],"curies":[{"name":"wp","href":"https:\/\/api.w.org\/{rel}","templated":true}]}}