{"id":89963,"date":"2018-01-18T22:30:13","date_gmt":"2018-01-19T00:30:13","guid":{"rendered":"http:\/\/diarioregionaljf.com.br\/2018\/01\/18\/fashion-news-22-janeiro-2018\/"},"modified":"2018-01-18T22:30:13","modified_gmt":"2018-01-19T00:30:13","slug":"fashion-news-22-janeiro-2018","status":"publish","type":"post","link":"https:\/\/diarioregionaldigital.com.br\/?p=89963","title":{"rendered":"Fashion News"},"content":{"rendered":"<p><strong>Carnaval 2018 FARM!<\/strong><\/p>\n<p>A queridinha Farm lan\u00e7ou essa semana as suas t\u00e3o desejadas fantasias de carnaval! As fantasias e adere\u00e7os mais esperados da \u00e9poca j\u00e1 est\u00e3o dispon\u00edveis no site e em breve chegar\u00e3o \u00e0s lojas f\u00edsicas selecionadas. Esse ano teremos desde paquita \u00e0 dinossauro! Al\u00e9m do lan\u00e7amento das fantasias, a marca colocou seu bloco na rua no domingo passado, saindo do escrit\u00f3rio em S\u00e3o Crist\u00f3v\u00e3o em dire\u00e7\u00e3o ao centro da cidade, com direito a muita purpurina!<\/p>\n<p>&nbsp;<\/p>\n<\/p>\n<p>&nbsp;<\/p>\n<p><img loading=\"lazy\" decoding=\"async\" class=\" size-full wp-image-89962\" src=\"http:\/\/diarioregionaljf.com.br\/wp-content\/uploads\/2018\/01\/diario-int-23277-2.jpg\" alt=\"thumbnail_CARNAVAL FARM 2018.jpg\" width=\"533\" height=\"450\" srcset=\"https:\/\/diarioregionaldigital.com.br\/wp-content\/uploads\/2018\/01\/diario-int-23277-2.jpg 533w, https:\/\/diarioregionaldigital.com.br\/wp-content\/uploads\/2018\/01\/diario-int-23277-2-300x253.jpg 300w, https:\/\/diarioregionaldigital.com.br\/wp-content\/uploads\/2018\/01\/diario-int-23277-2-360x304.jpg 360w\" sizes=\"auto, (max-width: 533px) 100vw, 533px\" \/><\/p>\n","protected":false},"excerpt":{"rendered":"<p>Carnaval 2018 FARM! A queridinha Farm lan\u00e7ou essa semana as suas t\u00e3o desejadas fantasias de carnaval! As fantasias e adere\u00e7os mais esperados da \u00e9poca j\u00e1 est\u00e3o dispon\u00edveis no site e em breve chegar\u00e3o \u00e0s lojas f\u00edsicas selecionadas. Esse ano teremos desde paquita \u00e0 dinossauro! Al\u00e9m do lan\u00e7amento das fantasias, a marca colocou seu bloco na [&hellip;]<\/p>\n","protected":false},"author":96,"featured_media":89961,"comment_status":"closed","ping_status":"closed","sticky":false,"template":"","format":"standard","meta":{"footnotes":""},"categories":[285],"tags":[],"class_list":["post-89963","post","type-post","status-publish","format-standard","has-post-thumbnail","hentry","category-moda-ana-paula-calixto"],"_links":{"self":[{"href":"https:\/\/diarioregionaldigital.com.br\/index.php?rest_route=\/wp\/v2\/posts\/89963","targetHints":{"allow":["GET"]}}],"collection":[{"href":"https:\/\/diarioregionaldigital.com.br\/index.php?rest_route=\/wp\/v2\/posts"}],"about":[{"href":"https:\/\/diarioregionaldigital.com.br\/index.php?rest_route=\/wp\/v2\/types\/post"}],"author":[{"embeddable":true,"href":"https:\/\/diarioregionaldigital.com.br\/index.php?rest_route=\/wp\/v2\/users\/96"}],"replies":[{"embeddable":true,"href":"https:\/\/diarioregionaldigital.com.br\/index.php?rest_route=%2Fwp%2Fv2%2Fcomments&post=89963"}],"version-history":[{"count":0,"href":"https:\/\/diarioregionaldigital.com.br\/index.php?rest_route=\/wp\/v2\/posts\/89963\/revisions"}],"wp:featuredmedia":[{"embeddable":true,"href":"https:\/\/diarioregionaldigital.com.br\/index.php?rest_route=\/wp\/v2\/media\/89961"}],"wp:attachment":[{"href":"https:\/\/diarioregionaldigital.com.br\/index.php?rest_route=%2Fwp%2Fv2%2Fmedia&parent=89963"}],"wp:term":[{"taxonomy":"category","embeddable":true,"href":"https:\/\/diarioregionaldigital.com.br\/index.php?rest_route=%2Fwp%2Fv2%2Fcategories&post=89963"},{"taxonomy":"post_tag","embeddable":true,"href":"https:\/\/diarioregionaldigital.com.br\/index.php?rest_route=%2Fwp%2Fv2%2Ftags&post=89963"}],"curies":[{"name":"wp","href":"https:\/\/api.w.org\/{rel}","templated":true}]}}