{"id":89954,"date":"2018-01-18T22:17:13","date_gmt":"2018-01-19T00:17:13","guid":{"rendered":"http:\/\/diarioregionaljf.com.br\/2018\/01\/18\/fapemig-lanca-editais-de-fomento-com-mais-de-r-42-milhoes-em-recursos\/"},"modified":"2018-01-18T22:17:13","modified_gmt":"2018-01-19T00:17:13","slug":"fapemig-lanca-editais-de-fomento-com-mais-de-r-42-milhoes-em-recursos","status":"publish","type":"post","link":"https:\/\/diarioregionaldigital.com.br\/?p=89954","title":{"rendered":"Fapemig lan\u00e7a editais de fomento com mais de R$42 milh\u00f5es em recursos"},"content":{"rendered":"<p>A Funda\u00e7\u00e3o de Amparo \u00e0 Pesquisa do Estado de Minas Gerais (Fapemig) divulgou a chamada de projetos de pesquisa para modalidade \u201c Demanda Universal\u201d. O edital \u00e9 o mais abrangente mantido pela ag\u00eancia de fomento mineira e destinar\u00e1, em 2018, R$30 milh\u00f5es para pesquisas cient\u00edficas, tecnol\u00f3gicas e de inova\u00e7\u00e3o realizadas por institui\u00e7\u00f5es de ensino ou pesquisa em todo o estado.<\/p>\n<p>Doutores formados em qualquer \u00e9poca ou aqueles titulados a partir de 2011 podem submeter suas propostas, respeitando as respectivas faixas A ou B, at\u00e9 o dia 19 de mar\u00e7o. Os projetos devem ser realizados por meio do sistema eletr\u00f4nico Everest. N\u00e3o ser\u00e3o aceitas propostas submetidas de qualquer outra forma.<\/p>\n<p>De acordo com o edital, o n\u00famero de propostas a se contratar est\u00e1 condicionado ao limite dos recursos dispon\u00edveis nesta Chamada. O prazo de execu\u00e7\u00e3o de cada projeto contratado \u00e9 de at\u00e9 36 meses, contados a partir da data de publica\u00e7\u00e3o do extrato do Termo de Outorga Eletr\u00f4nico (TO) no Di\u00e1rio Oficial do Estado de Minas Gerais.<\/p>\n<p>Para submiss\u00e3o, o proponente dever\u00e1 seguir as exig\u00eancias previstas no edital, como a elabora\u00e7\u00e3o de um pitch (material de divulga\u00e7\u00e3o em v\u00eddeo voltado ao p\u00fablico leigo), conforme as diretrizes contidas na p\u00e1gina da Fapemig.<\/p>\n<p>Al\u00e9m disso, o pesquisador dever\u00e1 se comprometer, no ato da inscri\u00e7\u00e3o, a propiciar condi\u00e7\u00f5es adequadas de espa\u00e7o, infraestrutura, pessoal de apoio t\u00e9cnico e administrativo, bem como tempo para a equipe dedicar-se ao projeto proposto.<\/p>\n<p>Ser\u00e3o financiados, desde que compat\u00edveis com o objetivo do chamamento, itens como equipamentos e material permanente, despesas operacionais, material de consumo, servi\u00e7o de terceiros, manuten\u00e7\u00e3o de equipamentos, software, passagens, di\u00e1rias ou mensalidades e bolsas de Inicia\u00e7\u00e3o Cient\u00edfica (IC). Do total global, R$20 milh\u00f5es ser\u00e3o encaminhados para projetos da Faixa A, enquanto os R$10 milh\u00f5es restantes ser\u00e3o destinados para projetos da Faixa B.<\/p>\n<p>De acordo com o edital, o julgamento e sele\u00e7\u00e3o dos projetos ser\u00e3o feitos em tr\u00eas etapas, que avaliar\u00e3o o enquadramento da proposta, an\u00e1lise de m\u00e9rito e homologa\u00e7\u00e3o. Os crit\u00e9rios espec\u00edficos de julgamento das propostas submetidas est\u00e3o dispon\u00edveis no documento.<\/p>\n<p>O resultado final da sele\u00e7\u00e3o das propostas ser\u00e1 publicado no Di\u00e1rio Oficial do Estado de Minas Gerais (Doemg), em forma de extrato e, na \u00edntegra, na p\u00e1gina da Fapemig. N\u00e3o h\u00e1 previs\u00e3o para a divulga\u00e7\u00e3o dos selecionados.<\/p>\n<p>Outros editais investem quase R$ 10 milh\u00f5es em pesquisa<br \/>Al\u00e9m da modalidade Universal, a Fapemig disponibiliza mais duas chamadas para o fomento de Ci\u00eancia e Tecnologia no estado. Juntos, os editais somam quase R$ 10 milh\u00f5es em recursos a serem investidos em pesquisas.<\/p>\n<p>O Programa de Capacita\u00e7\u00e3o de Recursos Humanos (PCRH) se destina a promover a forma\u00e7\u00e3o e a capacita\u00e7\u00e3o do servidor ou empregado das institui\u00e7\u00f5es p\u00fablicas estaduais, em atividades de pesquisa e inova\u00e7\u00e3o cient\u00edfica e tecnol\u00f3gica, por meio da concess\u00e3o de bolsas de mestrado e doutorado.<\/p>\n<p>Nesta Chamada, o apoio financeiro ser\u00e1 da ordem de R$1,5 milh\u00e3o, divididos em bolsas para candidatos ao mestrado e ao doutorado. As inscri\u00e7\u00f5es v\u00e3o at\u00e9 o dia 19 de fevereiro e devem ser feitas por meio do sistema eletr\u00f4nico Everest.<\/p>\n<p>Outra oportunidade, o Programa Pesquisador Mineiro (PPM), \u00e9 dedicada aos pesquisadores ou tecn\u00f3logos, vinculados a institui\u00e7\u00f5es de Ci\u00eancia, Tecnologia e Inova\u00e7\u00e3o (ICTs), que promovam projetos de pesquisa cient\u00edfica, tecnol\u00f3gica ou de inova\u00e7\u00e3o e sejam coordenados por pesquisadores vinculados a ICTs mineiras. O apoio para esta modalidade ser\u00e1 de R$8 milh\u00f5es, divididos em cotas de acordo com cada proposta. As inscri\u00e7\u00f5es ser\u00e3o recebidas tamb\u00e9m pelo Everest at\u00e9 o dia 7 de mar\u00e7o.<\/p>\n<p>Nas duas chamadas, n\u00e3o ser\u00e3o aceitas propostas submetidas de qualquer outra forma. Os crit\u00e9rios de avalia\u00e7\u00e3o e demais informa\u00e7\u00f5es sobre o processo podem ser encontradas no site da Fapemig. Assim como a modalidade Demanda Universal, n\u00e3o h\u00e1 previs\u00e3o para divulga\u00e7\u00e3o dos selecionados. O resultado final tamb\u00e9m ser\u00e1 divulgado no Doemg e na p\u00e1gina da Funda\u00e7\u00e3o.<\/p>\n<hr \/>\n<p>&nbsp;Fonte: Assessoria\/UFJF<\/p>\n","protected":false},"excerpt":{"rendered":"<p>A Funda\u00e7\u00e3o de Amparo \u00e0 Pesquisa do Estado de Minas Gerais (Fapemig) divulgou a chamada de projetos de pesquisa para modalidade \u201c Demanda Universal\u201d. O edital \u00e9 o mais abrangente mantido pela ag\u00eancia de fomento mineira e destinar\u00e1, em 2018, R$30 milh\u00f5es para pesquisas cient\u00edficas, tecnol\u00f3gicas e de inova\u00e7\u00e3o realizadas por institui\u00e7\u00f5es de ensino ou [&hellip;]<\/p>\n","protected":false},"author":96,"featured_media":89953,"comment_status":"closed","ping_status":"closed","sticky":false,"template":"","format":"standard","meta":{"footnotes":""},"categories":[253],"tags":[],"class_list":["post-89954","post","type-post","status-publish","format-standard","has-post-thumbnail","hentry","category-cidade"],"_links":{"self":[{"href":"https:\/\/diarioregionaldigital.com.br\/index.php?rest_route=\/wp\/v2\/posts\/89954","targetHints":{"allow":["GET"]}}],"collection":[{"href":"https:\/\/diarioregionaldigital.com.br\/index.php?rest_route=\/wp\/v2\/posts"}],"about":[{"href":"https:\/\/diarioregionaldigital.com.br\/index.php?rest_route=\/wp\/v2\/types\/post"}],"author":[{"embeddable":true,"href":"https:\/\/diarioregionaldigital.com.br\/index.php?rest_route=\/wp\/v2\/users\/96"}],"replies":[{"embeddable":true,"href":"https:\/\/diarioregionaldigital.com.br\/index.php?rest_route=%2Fwp%2Fv2%2Fcomments&post=89954"}],"version-history":[{"count":0,"href":"https:\/\/diarioregionaldigital.com.br\/index.php?rest_route=\/wp\/v2\/posts\/89954\/revisions"}],"wp:featuredmedia":[{"embeddable":true,"href":"https:\/\/diarioregionaldigital.com.br\/index.php?rest_route=\/wp\/v2\/media\/89953"}],"wp:attachment":[{"href":"https:\/\/diarioregionaldigital.com.br\/index.php?rest_route=%2Fwp%2Fv2%2Fmedia&parent=89954"}],"wp:term":[{"taxonomy":"category","embeddable":true,"href":"https:\/\/diarioregionaldigital.com.br\/index.php?rest_route=%2Fwp%2Fv2%2Fcategories&post=89954"},{"taxonomy":"post_tag","embeddable":true,"href":"https:\/\/diarioregionaldigital.com.br\/index.php?rest_route=%2Fwp%2Fv2%2Ftags&post=89954"}],"curies":[{"name":"wp","href":"https:\/\/api.w.org\/{rel}","templated":true}]}}