{"id":89952,"date":"2018-01-18T22:12:45","date_gmt":"2018-01-19T00:12:45","guid":{"rendered":"http:\/\/diarioregionaljf.com.br\/2018\/01\/18\/escola-de-direito-do-consumidor-do-procon-e-nova-opcao-de-capacitacao-para-servidores-da-pjf\/"},"modified":"2018-01-18T22:12:45","modified_gmt":"2018-01-19T00:12:45","slug":"escola-de-direito-do-consumidor-do-procon-e-nova-opcao-de-capacitacao-para-servidores-da-pjf","status":"publish","type":"post","link":"https:\/\/diarioregionaldigital.com.br\/?p=89952","title":{"rendered":"Escola de Direito do Consumidor do Procon \u00e9 nova op\u00e7\u00e3o de capacita\u00e7\u00e3o para servidores da PJF"},"content":{"rendered":"<p>A Ag\u00eancia de Prote\u00e7\u00e3o e Defesa do Consumidor (Procon\/JF) da Prefeitura de Juiz de Fora (PJF) dar\u00e1 continuidade, em fevereiro, aos cursos da Escola de Direito do Consumidor e Educa\u00e7\u00e3o Financeira (Edcef).<\/p>\n<p>Nas novas turmas, abertas ao p\u00fablico em geral, ser\u00e3o disponibilizados tr\u00eas cursos: \u201cB\u00e1sico de Defesa do Consumidor\u201d, \u201cAvan\u00e7ado de Processo Administrativo\u201d e \u201cEduca\u00e7\u00e3o Financeira\u201d. Os servidores da PJF poder\u00e3o realizar inscri\u00e7\u00f5es, limitadas, de 29 de janeiro a 9 de fevereiro, na Escola de Governo, atrav\u00e9s do telefone 3690-7228.<\/p>\n<p>Com in\u00edcio em 19 de fevereiro, o \u201cCurso B\u00e1sico de Defesa do Consumidor\u201d abordar\u00e1 assuntos como evolu\u00e7\u00e3o e hist\u00f3ria do direito do consumidor, responsabilidade pelo fato do produto e servi\u00e7o e responsabilidade por v\u00edcio do produto, entre outros.<\/p>\n<p>Ser\u00e3o 15 aulas, sempre \u00e0s segundas-feiras, das 18h30 \u00e0s 20h30, com o encerramento contando com a visita de convidado, abordando quest\u00f5es espec\u00edficas. O \u201cCurso Avan\u00e7ado de Processos Administrativos\u201d tem in\u00edcio marcado para 22 de fevereiro. A grade de hor\u00e1rio tamb\u00e9m conta com 15 aulas, nos mesmos hor\u00e1rios dos demais, sempre das 18h30 \u00e0s 20h30, \u00e0s quartas-feiras.<\/p>\n<p>Ele abordar\u00e1 quest\u00f5es como instaura\u00e7\u00e3o do processo administrativo e elabora\u00e7\u00e3o de decis\u00e3o administrativa, com aplica\u00e7\u00e3o de pena sobre caso concreto, al\u00e9m do estudo da jurisprud\u00eancia atual, entre outros.<\/p>\n<p>O \u201cCurso de Educa\u00e7\u00e3o Financeira\u201d \u00e9 mais uma oportunidade gratuita que o Procon\/JF disponibilizou, com data de in\u00edcio marcada para 6 de mar\u00e7o, com quatro aulas, \u00e0s ter\u00e7as-feiras, tamb\u00e9m nos hor\u00e1rios de 18h30 \u00e0s 20h30. O m\u00f3dulo abordar\u00e1 quest\u00f5es como as caracter\u00edsticas econ\u00f4micas do Brasil atual e o trabalho em torno da idealiza\u00e7\u00e3o de tudo o que o dinheiro pode comprar, al\u00e9m da metodologia Dsop (Diagnosticar; Sonhar; Or\u00e7ar; Poupar).<\/p>\n<p>O Procon\/JF j\u00e1 havia iniciado, no dia 8, na sede do \u00f3rg\u00e3o, o primeiro curso da Escola de Direito do Consumidor e Educa\u00e7\u00e3o Financeira (Edcef), voltado para alunos da Educa\u00e7\u00e3o de Jovens e Adultos (EJA). A Edcef \u00e9 parceira entre o Procon\/JF, a Secretaria de Educa\u00e7\u00e3o (SE) e a Escola de Governo Itinerante da Secretaria de Administra\u00e7\u00e3o e Recursos Humanos (SARH).<\/p>\n<hr \/>\n<p>&nbsp;Fonte: Assessoria\/PJF<\/p>\n","protected":false},"excerpt":{"rendered":"<p>A Ag\u00eancia de Prote\u00e7\u00e3o e Defesa do Consumidor (Procon\/JF) da Prefeitura de Juiz de Fora (PJF) dar\u00e1 continuidade, em fevereiro, aos cursos da Escola de Direito do Consumidor e Educa\u00e7\u00e3o Financeira (Edcef). Nas novas turmas, abertas ao p\u00fablico em geral, ser\u00e3o disponibilizados tr\u00eas cursos: \u201cB\u00e1sico de Defesa do Consumidor\u201d, \u201cAvan\u00e7ado de Processo Administrativo\u201d e \u201cEduca\u00e7\u00e3o [&hellip;]<\/p>\n","protected":false},"author":96,"featured_media":89951,"comment_status":"closed","ping_status":"closed","sticky":false,"template":"","format":"standard","meta":{"footnotes":""},"categories":[253],"tags":[],"class_list":["post-89952","post","type-post","status-publish","format-standard","has-post-thumbnail","hentry","category-cidade"],"_links":{"self":[{"href":"https:\/\/diarioregionaldigital.com.br\/index.php?rest_route=\/wp\/v2\/posts\/89952","targetHints":{"allow":["GET"]}}],"collection":[{"href":"https:\/\/diarioregionaldigital.com.br\/index.php?rest_route=\/wp\/v2\/posts"}],"about":[{"href":"https:\/\/diarioregionaldigital.com.br\/index.php?rest_route=\/wp\/v2\/types\/post"}],"author":[{"embeddable":true,"href":"https:\/\/diarioregionaldigital.com.br\/index.php?rest_route=\/wp\/v2\/users\/96"}],"replies":[{"embeddable":true,"href":"https:\/\/diarioregionaldigital.com.br\/index.php?rest_route=%2Fwp%2Fv2%2Fcomments&post=89952"}],"version-history":[{"count":0,"href":"https:\/\/diarioregionaldigital.com.br\/index.php?rest_route=\/wp\/v2\/posts\/89952\/revisions"}],"wp:featuredmedia":[{"embeddable":true,"href":"https:\/\/diarioregionaldigital.com.br\/index.php?rest_route=\/wp\/v2\/media\/89951"}],"wp:attachment":[{"href":"https:\/\/diarioregionaldigital.com.br\/index.php?rest_route=%2Fwp%2Fv2%2Fmedia&parent=89952"}],"wp:term":[{"taxonomy":"category","embeddable":true,"href":"https:\/\/diarioregionaldigital.com.br\/index.php?rest_route=%2Fwp%2Fv2%2Fcategories&post=89952"},{"taxonomy":"post_tag","embeddable":true,"href":"https:\/\/diarioregionaldigital.com.br\/index.php?rest_route=%2Fwp%2Fv2%2Ftags&post=89952"}],"curies":[{"name":"wp","href":"https:\/\/api.w.org\/{rel}","templated":true}]}}