{"id":89950,"date":"2018-01-18T22:11:19","date_gmt":"2018-01-19T00:11:19","guid":{"rendered":"http:\/\/diarioregionaljf.com.br\/2018\/01\/18\/settra-realiza-palestra-sobre-educacao-no-transito-em-colonia-de-ferias\/"},"modified":"2018-01-18T22:11:19","modified_gmt":"2018-01-19T00:11:19","slug":"settra-realiza-palestra-sobre-educacao-no-transito-em-colonia-de-ferias","status":"publish","type":"post","link":"https:\/\/diarioregionaldigital.com.br\/?p=89950","title":{"rendered":"Settra realiza palestra sobre educa\u00e7\u00e3o no tr\u00e2nsito em col\u00f4nia de f\u00e9rias"},"content":{"rendered":"<p>As cerca de 30 crian\u00e7as que participam da col\u00f4nia de f\u00e9rias do Centro Comunit\u00e1rio de Desenvolvimento para Todos, no Linhares, receberam, nesta quinta-feira, 18, uma visita especial. A equipe da supervis\u00e3o de Educa\u00e7\u00e3o para o Tr\u00e2nsito da Secretaria de Transporte e Tr\u00e2nsito (Settra) realizou palestra sobre temas relacionados ao tr\u00e2nsito seguro para meninos e meninas com idade entre 4 e 10 anos.<\/p>\n<p>Durante o evento, foram exibidos audiovisuais em forma de desenho animado para entreter e conscientizar as crian\u00e7as sobre a import\u00e2ncia de uma travessia segura na faixa de pedestres, dos cuidados com pedestres e ciclistas, al\u00e9m de instru\u00e7\u00f5es para o uso do transporte p\u00fablico. A atividade contou, ainda, com distribui\u00e7\u00e3o de materiais l\u00fadicos com ensinamentos para a conviv\u00eancia segura no tr\u00e2nsito.<\/p>\n<p>A supervisora de Educa\u00e7\u00e3o para o Tr\u00e2nsito, Renata Vianna, lembrou a import\u00e2ncia da abordagem do tema al\u00e9m do per\u00edodo escolar e destacou os pequenos como agentes multiplicadores: \u201cEssa faixa et\u00e1ria \u00e9 capaz de fixar e reproduzir o aprendizado. Dessa forma, esperamos contagiar tamb\u00e9m a fam\u00edlia\u201d.<\/p>\n<p>Para agendar as atividades da Educa\u00e7\u00e3o no Tr\u00e2nsito \u00e9 s\u00f3 ligar para o 3690-8235.<\/p>\n<hr \/>\n<p>&nbsp;Fonte: Assessoria\/PJF<\/p>\n","protected":false},"excerpt":{"rendered":"<p>As cerca de 30 crian\u00e7as que participam da col\u00f4nia de f\u00e9rias do Centro Comunit\u00e1rio de Desenvolvimento para Todos, no Linhares, receberam, nesta quinta-feira, 18, uma visita especial. A equipe da supervis\u00e3o de Educa\u00e7\u00e3o para o Tr\u00e2nsito da Secretaria de Transporte e Tr\u00e2nsito (Settra) realizou palestra sobre temas relacionados ao tr\u00e2nsito seguro para meninos e meninas [&hellip;]<\/p>\n","protected":false},"author":96,"featured_media":89949,"comment_status":"closed","ping_status":"closed","sticky":false,"template":"","format":"standard","meta":{"footnotes":""},"categories":[253],"tags":[],"class_list":["post-89950","post","type-post","status-publish","format-standard","has-post-thumbnail","hentry","category-cidade"],"_links":{"self":[{"href":"https:\/\/diarioregionaldigital.com.br\/index.php?rest_route=\/wp\/v2\/posts\/89950","targetHints":{"allow":["GET"]}}],"collection":[{"href":"https:\/\/diarioregionaldigital.com.br\/index.php?rest_route=\/wp\/v2\/posts"}],"about":[{"href":"https:\/\/diarioregionaldigital.com.br\/index.php?rest_route=\/wp\/v2\/types\/post"}],"author":[{"embeddable":true,"href":"https:\/\/diarioregionaldigital.com.br\/index.php?rest_route=\/wp\/v2\/users\/96"}],"replies":[{"embeddable":true,"href":"https:\/\/diarioregionaldigital.com.br\/index.php?rest_route=%2Fwp%2Fv2%2Fcomments&post=89950"}],"version-history":[{"count":0,"href":"https:\/\/diarioregionaldigital.com.br\/index.php?rest_route=\/wp\/v2\/posts\/89950\/revisions"}],"wp:featuredmedia":[{"embeddable":true,"href":"https:\/\/diarioregionaldigital.com.br\/index.php?rest_route=\/wp\/v2\/media\/89949"}],"wp:attachment":[{"href":"https:\/\/diarioregionaldigital.com.br\/index.php?rest_route=%2Fwp%2Fv2%2Fmedia&parent=89950"}],"wp:term":[{"taxonomy":"category","embeddable":true,"href":"https:\/\/diarioregionaldigital.com.br\/index.php?rest_route=%2Fwp%2Fv2%2Fcategories&post=89950"},{"taxonomy":"post_tag","embeddable":true,"href":"https:\/\/diarioregionaldigital.com.br\/index.php?rest_route=%2Fwp%2Fv2%2Ftags&post=89950"}],"curies":[{"name":"wp","href":"https:\/\/api.w.org\/{rel}","templated":true}]}}