{"id":89948,"date":"2018-01-18T22:09:44","date_gmt":"2018-01-19T00:09:44","guid":{"rendered":"http:\/\/diarioregionaljf.com.br\/2018\/01\/18\/contribuintes-ja-podem-emitir-documento-para-pagamento-com-desconto-de-6-pelo-site-da-pjf\/"},"modified":"2018-01-18T22:09:44","modified_gmt":"2018-01-19T00:09:44","slug":"contribuintes-ja-podem-emitir-documento-para-pagamento-com-desconto-de-6-pelo-site-da-pjf","status":"publish","type":"post","link":"https:\/\/diarioregionaldigital.com.br\/?p=89948","title":{"rendered":"Contribuintes j\u00e1 podem emitir documento para pagamento com desconto de 6% pelo site da PJF"},"content":{"rendered":"<p>J\u00e1 est\u00e1 dispon\u00edvel no <a href=\"http:\/\/www.pjf.mg.gov.br\">site<\/a> da Prefeitura de Juiz de Fora (PJF) o <a href=\"http:\/\/www.pjf.mg.gov.br\">link <\/a>de acesso ao Documento de Arrecada\u00e7\u00e3o Municipal (DAM) para pagamento \u00e0 vista, com desconto de 6%, do Imposto Predial e Territorial Urbano (IPTU) 2018.<\/p>\n<p>Para emiti-lo, o contribuinte deve ter em m\u00e3os o n\u00famero da inscri\u00e7\u00e3o imobili\u00e1ria e acessar o banner referente ao IPTU 2018, dispon\u00edvel no site. O desconto de 6% para pagamento \u00e0 vista \u00e9 garantido para todos os contribuintes que optarem por essa modalidade de pagamento at\u00e9 20 de fevereiro.<\/p>\n<p>O DAM tamb\u00e9m pode ser emitido no Espa\u00e7o Cidad\u00e3o, que fica no Parque Halfeld, ou nas unidades regionais (veja endere\u00e7os abaixo). Mas o contribuinte que n\u00e3o quiser enfrentar filas, pode fazer a emiss\u00e3o diretamente na p\u00e1gina da PJF na internet. Caso o contribuinte queira aguardar o recebimento do carn\u00ea pelos Correios, a entrega ter\u00e1 in\u00edcio na quarta-feira, 24.<\/p>\n<p>Al\u00e9m do pagamento \u00e0 vista, os contribuintes poder\u00e3o optar por parcelar o d\u00e9bito em dez vezes, com o vencimento sempre no dia 10 de cada m\u00eas, a partir de mar\u00e7o. Nesse caso, por\u00e9m, n\u00e3o haver\u00e1 desconto.<\/p>\n<p>Quem n\u00e3o tiver o n\u00famero da inscri\u00e7\u00e3o imobili\u00e1ria dever\u00e1 procurar o Departamento de Cadastro Imobili\u00e1rio (Decim) da Secretaria de Atividades Urbanas (SAU), na Avenida Bar\u00e3o do Rio Branco, 1.843 (pr\u00e9dio da Companhia de Saneamento Municipal &#8211; Cesama &#8211; 1\u00ba andar), no Centro, das 8h30 \u00e0s 17h30, munido de documento referente ao im\u00f3vel.<\/p>\n<p>Endere\u00e7os:<\/p>\n<p><strong>&#8211; Espa\u00e7o Cidad\u00e3o JF: Avenida Bar\u00e3o do Rio Branco 2.234 &#8211; Centro, ao lado do Parque Halfeld;<\/strong><\/p>\n<p><strong>&#8211; Centro Regional Sul: Rua Porto das Flores, 270 &#8211; Bairro Santa Luzia;<\/strong><\/p>\n<p><strong>&#8211; Centro Regional Norte: Rua In\u00eas Garcia, 357 &#8211; Benfica;<\/strong><\/p>\n<p><strong>&#8211; Centro Regional Oeste: Rua Orestes Fabiano Alves, 65 &#8211; S\u00e3o Pedro;<\/strong><\/p>\n<p><strong>&#8211; Centro Regional Nordeste: Rua Santa Terezinha, 172 &#8211; Santa Terezinha.<\/strong><\/p>\n<hr \/>\n<p>&nbsp;Fonte: Assessoria\/PJF<\/p>\n","protected":false},"excerpt":{"rendered":"<p>J\u00e1 est\u00e1 dispon\u00edvel no site da Prefeitura de Juiz de Fora (PJF) o link de acesso ao Documento de Arrecada\u00e7\u00e3o Municipal (DAM) para pagamento \u00e0 vista, com desconto de 6%, do Imposto Predial e Territorial Urbano (IPTU) 2018. Para emiti-lo, o contribuinte deve ter em m\u00e3os o n\u00famero da inscri\u00e7\u00e3o imobili\u00e1ria e acessar o banner [&hellip;]<\/p>\n","protected":false},"author":96,"featured_media":89947,"comment_status":"closed","ping_status":"closed","sticky":false,"template":"","format":"standard","meta":{"footnotes":""},"categories":[253],"tags":[],"class_list":["post-89948","post","type-post","status-publish","format-standard","has-post-thumbnail","hentry","category-cidade"],"_links":{"self":[{"href":"https:\/\/diarioregionaldigital.com.br\/index.php?rest_route=\/wp\/v2\/posts\/89948","targetHints":{"allow":["GET"]}}],"collection":[{"href":"https:\/\/diarioregionaldigital.com.br\/index.php?rest_route=\/wp\/v2\/posts"}],"about":[{"href":"https:\/\/diarioregionaldigital.com.br\/index.php?rest_route=\/wp\/v2\/types\/post"}],"author":[{"embeddable":true,"href":"https:\/\/diarioregionaldigital.com.br\/index.php?rest_route=\/wp\/v2\/users\/96"}],"replies":[{"embeddable":true,"href":"https:\/\/diarioregionaldigital.com.br\/index.php?rest_route=%2Fwp%2Fv2%2Fcomments&post=89948"}],"version-history":[{"count":0,"href":"https:\/\/diarioregionaldigital.com.br\/index.php?rest_route=\/wp\/v2\/posts\/89948\/revisions"}],"wp:featuredmedia":[{"embeddable":true,"href":"https:\/\/diarioregionaldigital.com.br\/index.php?rest_route=\/wp\/v2\/media\/89947"}],"wp:attachment":[{"href":"https:\/\/diarioregionaldigital.com.br\/index.php?rest_route=%2Fwp%2Fv2%2Fmedia&parent=89948"}],"wp:term":[{"taxonomy":"category","embeddable":true,"href":"https:\/\/diarioregionaldigital.com.br\/index.php?rest_route=%2Fwp%2Fv2%2Fcategories&post=89948"},{"taxonomy":"post_tag","embeddable":true,"href":"https:\/\/diarioregionaldigital.com.br\/index.php?rest_route=%2Fwp%2Fv2%2Ftags&post=89948"}],"curies":[{"name":"wp","href":"https:\/\/api.w.org\/{rel}","templated":true}]}}