{"id":89946,"date":"2018-01-18T22:06:54","date_gmt":"2018-01-19T00:06:54","guid":{"rendered":"http:\/\/diarioregionaljf.com.br\/2018\/01\/18\/unidades-de-saude-em-juiz-de-fora-estao-abastecidas-para-inicio-do-reforco-vacinal\/"},"modified":"2018-01-18T22:06:54","modified_gmt":"2018-01-19T00:06:54","slug":"unidades-de-saude-em-juiz-de-fora-estao-abastecidas-para-inicio-do-reforco-vacinal","status":"publish","type":"post","link":"https:\/\/diarioregionaldigital.com.br\/?p=89946","title":{"rendered":"Unidades de sa\u00fade em Juiz de Fora est\u00e3o abastecidas para in\u00edcio do refor\u00e7o vacinal"},"content":{"rendered":"<p>A Secretaria de Sa\u00fade (SS) da Prefeitura de Juiz de Fora (PJF) espera os juiz-foranos que ainda n\u00e3o tomaram a dose da vacina contra a febre amarela em um dos 66 postos de sa\u00fade, que estar\u00e3o abertos na cidade no s\u00e1bado, 20, das 8 \u00e0s 17 horas.<\/p>\n<p>Somente em janeiro, a Prefeitura recebeu 36 mil doses da vacina, e outras 20 mil s\u00e3o aguardadas. Destas 36 mil, 31.400 j\u00e1 foram distribu\u00eddas para os postos, e at\u00e9 o dia 13, 3.773 doses j\u00e1 haviam sido aplicadas.<\/p>\n<p>Segundo informa\u00e7\u00f5es do Setor de Imuniza\u00e7\u00e3o da SS, o aumento da procura come\u00e7ou a ser observado no in\u00edcio desta semana, chegando no pico na quarta-feira, 17.<\/p>\n<p>Ainda de acordo com o setor, o que tem sido observado \u00e9 que muitas pessoas que procuram os postos para se imunizar j\u00e1 tomaram a vacina, e, assim, n\u00e3o precisariam estar buscando aplica\u00e7\u00e3o de nova dose.<\/p>\n<p>A partir desta sexta-feira, 19, as unidades b\u00e1sicas de sa\u00fade (UBSs) estar\u00e3o abertas tamb\u00e9m das 11 as 13 horas, para aqueles que querem se imunizar. Este hor\u00e1rio especial vai at\u00e9 2 de fevereiro.<\/p>\n<hr \/>\n<p>&nbsp;Fonte: Assessoria\/PJF<\/p>\n","protected":false},"excerpt":{"rendered":"<p>A Secretaria de Sa\u00fade (SS) da Prefeitura de Juiz de Fora (PJF) espera os juiz-foranos que ainda n\u00e3o tomaram a dose da vacina contra a febre amarela em um dos 66 postos de sa\u00fade, que estar\u00e3o abertos na cidade no s\u00e1bado, 20, das 8 \u00e0s 17 horas. Somente em janeiro, a Prefeitura recebeu 36 mil [&hellip;]<\/p>\n","protected":false},"author":96,"featured_media":89945,"comment_status":"closed","ping_status":"closed","sticky":false,"template":"","format":"standard","meta":{"footnotes":""},"categories":[253],"tags":[],"class_list":["post-89946","post","type-post","status-publish","format-standard","has-post-thumbnail","hentry","category-cidade"],"_links":{"self":[{"href":"https:\/\/diarioregionaldigital.com.br\/index.php?rest_route=\/wp\/v2\/posts\/89946","targetHints":{"allow":["GET"]}}],"collection":[{"href":"https:\/\/diarioregionaldigital.com.br\/index.php?rest_route=\/wp\/v2\/posts"}],"about":[{"href":"https:\/\/diarioregionaldigital.com.br\/index.php?rest_route=\/wp\/v2\/types\/post"}],"author":[{"embeddable":true,"href":"https:\/\/diarioregionaldigital.com.br\/index.php?rest_route=\/wp\/v2\/users\/96"}],"replies":[{"embeddable":true,"href":"https:\/\/diarioregionaldigital.com.br\/index.php?rest_route=%2Fwp%2Fv2%2Fcomments&post=89946"}],"version-history":[{"count":0,"href":"https:\/\/diarioregionaldigital.com.br\/index.php?rest_route=\/wp\/v2\/posts\/89946\/revisions"}],"wp:featuredmedia":[{"embeddable":true,"href":"https:\/\/diarioregionaldigital.com.br\/index.php?rest_route=\/wp\/v2\/media\/89945"}],"wp:attachment":[{"href":"https:\/\/diarioregionaldigital.com.br\/index.php?rest_route=%2Fwp%2Fv2%2Fmedia&parent=89946"}],"wp:term":[{"taxonomy":"category","embeddable":true,"href":"https:\/\/diarioregionaldigital.com.br\/index.php?rest_route=%2Fwp%2Fv2%2Fcategories&post=89946"},{"taxonomy":"post_tag","embeddable":true,"href":"https:\/\/diarioregionaldigital.com.br\/index.php?rest_route=%2Fwp%2Fv2%2Ftags&post=89946"}],"curies":[{"name":"wp","href":"https:\/\/api.w.org\/{rel}","templated":true}]}}