{"id":89944,"date":"2018-01-18T21:59:30","date_gmt":"2018-01-18T23:59:30","guid":{"rendered":"http:\/\/diarioregionaljf.com.br\/2018\/01\/18\/publicadas-novas-regras-para-a-rais-2017\/"},"modified":"2018-01-18T21:59:30","modified_gmt":"2018-01-18T23:59:30","slug":"publicadas-novas-regras-para-a-rais-2017","status":"publish","type":"post","link":"https:\/\/diarioregionaldigital.com.br\/?p=89944","title":{"rendered":"Publicadas novas regras para a Rais 2017"},"content":{"rendered":"<p>Portaria do Minist\u00e9rio do Trabalho publicada nesta quinta-feira, 18, no Di\u00e1rio Oficial da Uni\u00e3o fixa novas regras para a declara\u00e7\u00e3o da Rela\u00e7\u00e3o Anual de Informa\u00e7\u00f5es Sociais (Rais) 2017. O prazo de entrega come\u00e7a na pr\u00f3xima ter\u00e7a-feira, 23, e ser\u00e1 encerrado no dia 23 de mar\u00e7o, sem possibilidade de prorroga\u00e7\u00e3o.<\/p>\n<p>De acordo com o texto, est\u00e3o obrigados a declarar a Rais:<\/p>\n<p><strong>&#8211; empregadores urbanos e rurais;<\/strong><\/p>\n<p><strong>&#8211; filiais, ag\u00eancias, sucursais, representa\u00e7\u00f5es ou quaisquer outras formas de entidades vinculadas \u00e0 pessoa jur\u00eddica domiciliada no exterior;<\/strong><\/p>\n<p><strong>&#8211; aut\u00f4nomos ou profissionais liberais que tenham mantido empregados no ano-base;<\/strong><\/p>\n<p><strong>&#8211; \u00f3rg\u00e3os e entidades da administra\u00e7\u00e3o direta, aut\u00e1rquica e fundacional dos governos federal, estadual, do Distrito Federal e municipal;<\/strong><\/p>\n<p><strong>&#8211; conselhos profissionais, criados por lei, com atribui\u00e7\u00f5es de fiscaliza\u00e7\u00e3o do exerc\u00edcio profissional, e as entidades paraestatais;<\/strong><\/p>\n<p><strong>&#8211; condom\u00ednios e sociedades civis;<\/strong><\/p>\n<p><strong>&#8211; cart\u00f3rios extrajudiciais e cons\u00f3rcios de empresas.<\/strong><\/p>\n<p>Ainda segundo o texto, o estabelecimento inscrito no Cadastro Nacional de Pessoa Jur\u00eddica (CNPJ) que n\u00e3o manteve empregados ou que permaneceu inativo no ano-base 2017 est\u00e1 obrigado a entregar a Rais Negativa, preenchendo apenas os dados a ele pertinentes. A exig\u00eancia n\u00e3o se aplica ao microempreendedor individual.<\/p>\n<p>O empregador que n\u00e3o entregar a Rais no prazo previsto, omitir informa\u00e7\u00f5es ou prestar declara\u00e7\u00e3o falsa ou inexata ficar\u00e1 sujeito \u00e0 multa.<\/p>\n<hr \/>\n<p>&nbsp;Fonte: Ag\u00eancia Brasil<\/p>\n","protected":false},"excerpt":{"rendered":"<p>Portaria do Minist\u00e9rio do Trabalho publicada nesta quinta-feira, 18, no Di\u00e1rio Oficial da Uni\u00e3o fixa novas regras para a declara\u00e7\u00e3o da Rela\u00e7\u00e3o Anual de Informa\u00e7\u00f5es Sociais (Rais) 2017. O prazo de entrega come\u00e7a na pr\u00f3xima ter\u00e7a-feira, 23, e ser\u00e1 encerrado no dia 23 de mar\u00e7o, sem possibilidade de prorroga\u00e7\u00e3o. De acordo com o texto, est\u00e3o [&hellip;]<\/p>\n","protected":false},"author":96,"featured_media":89943,"comment_status":"closed","ping_status":"closed","sticky":false,"template":"","format":"standard","meta":{"footnotes":""},"categories":[261],"tags":[],"class_list":["post-89944","post","type-post","status-publish","format-standard","has-post-thumbnail","hentry","category-economia"],"_links":{"self":[{"href":"https:\/\/diarioregionaldigital.com.br\/index.php?rest_route=\/wp\/v2\/posts\/89944","targetHints":{"allow":["GET"]}}],"collection":[{"href":"https:\/\/diarioregionaldigital.com.br\/index.php?rest_route=\/wp\/v2\/posts"}],"about":[{"href":"https:\/\/diarioregionaldigital.com.br\/index.php?rest_route=\/wp\/v2\/types\/post"}],"author":[{"embeddable":true,"href":"https:\/\/diarioregionaldigital.com.br\/index.php?rest_route=\/wp\/v2\/users\/96"}],"replies":[{"embeddable":true,"href":"https:\/\/diarioregionaldigital.com.br\/index.php?rest_route=%2Fwp%2Fv2%2Fcomments&post=89944"}],"version-history":[{"count":0,"href":"https:\/\/diarioregionaldigital.com.br\/index.php?rest_route=\/wp\/v2\/posts\/89944\/revisions"}],"wp:featuredmedia":[{"embeddable":true,"href":"https:\/\/diarioregionaldigital.com.br\/index.php?rest_route=\/wp\/v2\/media\/89943"}],"wp:attachment":[{"href":"https:\/\/diarioregionaldigital.com.br\/index.php?rest_route=%2Fwp%2Fv2%2Fmedia&parent=89944"}],"wp:term":[{"taxonomy":"category","embeddable":true,"href":"https:\/\/diarioregionaldigital.com.br\/index.php?rest_route=%2Fwp%2Fv2%2Fcategories&post=89944"},{"taxonomy":"post_tag","embeddable":true,"href":"https:\/\/diarioregionaldigital.com.br\/index.php?rest_route=%2Fwp%2Fv2%2Ftags&post=89944"}],"curies":[{"name":"wp","href":"https:\/\/api.w.org\/{rel}","templated":true}]}}