{"id":89942,"date":"2018-01-18T21:58:03","date_gmt":"2018-01-18T23:58:03","guid":{"rendered":"http:\/\/diarioregionaljf.com.br\/2018\/01\/18\/procura-de-fantasias-por-folioes-de-blocos-de-rua-anima-comercio-do-rj\/"},"modified":"2018-01-18T21:58:03","modified_gmt":"2018-01-18T23:58:03","slug":"procura-de-fantasias-por-folioes-de-blocos-de-rua-anima-comercio-do-rj","status":"publish","type":"post","link":"https:\/\/diarioregionaldigital.com.br\/?p=89942","title":{"rendered":"Procura de fantasias por foli\u00f5es de blocos de rua anima com\u00e9rcio do RJ"},"content":{"rendered":"<p>O grande n\u00famero de foli\u00f5es esperados pelos blocos de rua do Rio de Janeiro, que n\u00e3o exigem fantasias padronizadas, elevou para 1,5% a expectativa de aumento nas vendas do com\u00e9rcio especializado em rela\u00e7\u00e3o ao ano passado. \u00c9 o que mostra pesquisa do Centro de Estudos do Clube dos Diretores Lojistas do Rio de Janeiro (CDLRio), que ouviu 400 lojistas da cidade entre os dias 12 e 21 deste m\u00eas para conhecer a expectativa de vendas para o Carnaval.<\/p>\n<p>Animados com a pesquisa, os comerciantes dizem que adere\u00e7os e fantasias, tecidos, bermudas, shorts, camisetas, linha de praia (biquinis, mai\u00f4s, chap\u00e9us e sa\u00eddas de praia) dever\u00e3o ser os produtos mais vendidos.<\/p>\n<p>Segundo os lojistas, o pre\u00e7o m\u00e9dio das compras deve ficar em torno de R$130 e a forma de pagamento predominante ser\u00e1 o cart\u00e3o de cr\u00e9dito parcelado. Em seguida, vir\u00e3o o cart\u00e3o de loja, dinheiro, cart\u00e3o de d\u00e9bito, cheque e credi\u00e1rio.<\/p>\n<p>De acordo com o presidente do CDLRio, Aldo Gon\u00e7alves, as vendas de produtos para o carnaval v\u00e3o incrementar o desempenho do setor em janeiro, j\u00e1 que, neste ano, o Carnaval cai logo no inicio de fevereiro. \u201cO lojista est\u00e1 animado, e o que tem colaborado significativamente para o aumento da venda de produtos para o Carnaval s\u00e3o os blocos de rua, que n\u00e3o exigem fantasias padronizadas.\u201d<\/p>\n<p>Ele explicou, por\u00e9m, que, quando o carnaval cai no in\u00edcio do m\u00eas, normalmente as vendas n\u00e3o reagem bem, porque o consumidor j\u00e1 vem comprometido com as despesas do fim do ano, in\u00edcio das aulas e impostos.<\/p>\n<hr \/>\n<p>&nbsp;Fonte: Ag\u00eancia Brasil<\/p>\n","protected":false},"excerpt":{"rendered":"<p>O grande n\u00famero de foli\u00f5es esperados pelos blocos de rua do Rio de Janeiro, que n\u00e3o exigem fantasias padronizadas, elevou para 1,5% a expectativa de aumento nas vendas do com\u00e9rcio especializado em rela\u00e7\u00e3o ao ano passado. \u00c9 o que mostra pesquisa do Centro de Estudos do Clube dos Diretores Lojistas do Rio de Janeiro (CDLRio), [&hellip;]<\/p>\n","protected":false},"author":96,"featured_media":89941,"comment_status":"closed","ping_status":"closed","sticky":false,"template":"","format":"standard","meta":{"footnotes":""},"categories":[261],"tags":[],"class_list":["post-89942","post","type-post","status-publish","format-standard","has-post-thumbnail","hentry","category-economia"],"_links":{"self":[{"href":"https:\/\/diarioregionaldigital.com.br\/index.php?rest_route=\/wp\/v2\/posts\/89942","targetHints":{"allow":["GET"]}}],"collection":[{"href":"https:\/\/diarioregionaldigital.com.br\/index.php?rest_route=\/wp\/v2\/posts"}],"about":[{"href":"https:\/\/diarioregionaldigital.com.br\/index.php?rest_route=\/wp\/v2\/types\/post"}],"author":[{"embeddable":true,"href":"https:\/\/diarioregionaldigital.com.br\/index.php?rest_route=\/wp\/v2\/users\/96"}],"replies":[{"embeddable":true,"href":"https:\/\/diarioregionaldigital.com.br\/index.php?rest_route=%2Fwp%2Fv2%2Fcomments&post=89942"}],"version-history":[{"count":0,"href":"https:\/\/diarioregionaldigital.com.br\/index.php?rest_route=\/wp\/v2\/posts\/89942\/revisions"}],"wp:featuredmedia":[{"embeddable":true,"href":"https:\/\/diarioregionaldigital.com.br\/index.php?rest_route=\/wp\/v2\/media\/89941"}],"wp:attachment":[{"href":"https:\/\/diarioregionaldigital.com.br\/index.php?rest_route=%2Fwp%2Fv2%2Fmedia&parent=89942"}],"wp:term":[{"taxonomy":"category","embeddable":true,"href":"https:\/\/diarioregionaldigital.com.br\/index.php?rest_route=%2Fwp%2Fv2%2Fcategories&post=89942"},{"taxonomy":"post_tag","embeddable":true,"href":"https:\/\/diarioregionaldigital.com.br\/index.php?rest_route=%2Fwp%2Fv2%2Ftags&post=89942"}],"curies":[{"name":"wp","href":"https:\/\/api.w.org\/{rel}","templated":true}]}}