{"id":89938,"date":"2018-01-18T21:53:12","date_gmt":"2018-01-18T23:53:12","guid":{"rendered":"http:\/\/diarioregionaljf.com.br\/2018\/01\/18\/conab-estima-producao-de-cafe-em-2018-entre-21-e-30-superior-ao-ano-passado\/"},"modified":"2018-01-18T21:53:12","modified_gmt":"2018-01-18T23:53:12","slug":"conab-estima-producao-de-cafe-em-2018-entre-21-e-30-superior-ao-ano-passado","status":"publish","type":"post","link":"https:\/\/diarioregionaldigital.com.br\/?p=89938","title":{"rendered":"Conab estima produ\u00e7\u00e3o de caf\u00e9 em 2018 entre 21% e 30% superior ao ano passado"},"content":{"rendered":"<p>O Brasil deve produzir, em 2018, safra de caf\u00e9 estimada entre 54,44 milh\u00f5es e 58,51 milh\u00f5es de sacas de 60kg. A estimativa representa aumento de 21,1% a 30,1% na compara\u00e7\u00e3o com a produ\u00e7\u00e3o de 2017, que atingiu 44,97 milh\u00f5es de sacas. As informa\u00e7\u00f5es constam do primeiro Levantamento sobre Safra Brasileira de Caf\u00e9 da Companhia Nacional de Abastecimento (Conab).<\/p>\n<p>O caf\u00e9 ar\u00e1bica tem a produ\u00e7\u00e3o estimada entre 41,74 milh\u00f5es e 44,55 milh\u00f5es de sacas, com crescimento m\u00e9dio de 26%. J\u00e1 o caf\u00e9 Conilon, tem produ\u00e7\u00e3o estimada entre 12,7 milh\u00f5es e 13,96 milh\u00f5es de sacas, com crescimento m\u00e9dio de 24,3%.<\/p>\n<p>Esse aumento \u00e9 por conta do ciclo de alta bienalidade. De acordo com a Conab, a alta bienalidade acontece principalmente em lavouras da esp\u00e9cie ar\u00e1bica, com condi\u00e7\u00f5es clim\u00e1ticas favor\u00e1veis e implemento de novas tecnologias.<\/p>\n<h4>\u00c1rea e regi\u00e3o<\/h4>\n<p>A \u00e1rea plantada do caf\u00e9 ar\u00e1bica soma 1,78 milh\u00e3o de hectares, o que corresponde a 81% da \u00e1rea existente com lavouras de caf\u00e9. Para a nova safra, estima-se crescimento de 0,2%, que equivale \u00e0 incorpora\u00e7\u00e3o de 3,75 mil hectares.<\/p>\n<p>Para a produ\u00e7\u00e3o do caf\u00e9 conilon, estima-se redu\u00e7\u00e3o na \u00e1rea de plantio da ordem de 2,1% ou cerca de 417,93 mil hectares. Desse total, 378,62 mil hectares est\u00e3o em produ\u00e7\u00e3o e 39,31 mil hectares em forma\u00e7\u00e3o.<\/p>\n<p>Minas Gerais concentra a maior \u00e1rea de produ\u00e7\u00e3o da esp\u00e9cie, com 1,23 milh\u00e3o de hectares, correspondendo a 68,8% da \u00e1rea ocupada com caf\u00e9 ar\u00e1bica. A \u00e1rea plantada de caf\u00e9 ar\u00e1bica tem se mantido est\u00e1vel nos \u00faltimos dez anos e gira em torno de 1,78 milh\u00e3o de hectares.<\/p>\n<p>A Conab estima que a safra 2018 fique entre 28,41 sacas a 30,54 sacas por hectare, equivalendo a um acr\u00e9scimo de 17,7% a 26,5%, em rela\u00e7\u00e3o \u00e0 safra passada. O acr\u00e9scimo deve ocorrer em quase todas as principais regi\u00f5es produtoras.<\/p>\n<hr \/>\n<p>&nbsp;Fonte: Ag\u00eancia Brasil<\/p>\n","protected":false},"excerpt":{"rendered":"<p>O Brasil deve produzir, em 2018, safra de caf\u00e9 estimada entre 54,44 milh\u00f5es e 58,51 milh\u00f5es de sacas de 60kg. A estimativa representa aumento de 21,1% a 30,1% na compara\u00e7\u00e3o com a produ\u00e7\u00e3o de 2017, que atingiu 44,97 milh\u00f5es de sacas. As informa\u00e7\u00f5es constam do primeiro Levantamento sobre Safra Brasileira de Caf\u00e9 da Companhia Nacional [&hellip;]<\/p>\n","protected":false},"author":96,"featured_media":89937,"comment_status":"closed","ping_status":"closed","sticky":false,"template":"","format":"standard","meta":{"footnotes":""},"categories":[261],"tags":[],"class_list":["post-89938","post","type-post","status-publish","format-standard","has-post-thumbnail","hentry","category-economia"],"_links":{"self":[{"href":"https:\/\/diarioregionaldigital.com.br\/index.php?rest_route=\/wp\/v2\/posts\/89938","targetHints":{"allow":["GET"]}}],"collection":[{"href":"https:\/\/diarioregionaldigital.com.br\/index.php?rest_route=\/wp\/v2\/posts"}],"about":[{"href":"https:\/\/diarioregionaldigital.com.br\/index.php?rest_route=\/wp\/v2\/types\/post"}],"author":[{"embeddable":true,"href":"https:\/\/diarioregionaldigital.com.br\/index.php?rest_route=\/wp\/v2\/users\/96"}],"replies":[{"embeddable":true,"href":"https:\/\/diarioregionaldigital.com.br\/index.php?rest_route=%2Fwp%2Fv2%2Fcomments&post=89938"}],"version-history":[{"count":0,"href":"https:\/\/diarioregionaldigital.com.br\/index.php?rest_route=\/wp\/v2\/posts\/89938\/revisions"}],"wp:featuredmedia":[{"embeddable":true,"href":"https:\/\/diarioregionaldigital.com.br\/index.php?rest_route=\/wp\/v2\/media\/89937"}],"wp:attachment":[{"href":"https:\/\/diarioregionaldigital.com.br\/index.php?rest_route=%2Fwp%2Fv2%2Fmedia&parent=89938"}],"wp:term":[{"taxonomy":"category","embeddable":true,"href":"https:\/\/diarioregionaldigital.com.br\/index.php?rest_route=%2Fwp%2Fv2%2Fcategories&post=89938"},{"taxonomy":"post_tag","embeddable":true,"href":"https:\/\/diarioregionaldigital.com.br\/index.php?rest_route=%2Fwp%2Fv2%2Ftags&post=89938"}],"curies":[{"name":"wp","href":"https:\/\/api.w.org\/{rel}","templated":true}]}}