{"id":89936,"date":"2018-01-18T21:49:09","date_gmt":"2018-01-18T23:49:09","guid":{"rendered":"http:\/\/diarioregionaljf.com.br\/2018\/01\/18\/inflacao-do-aluguel-acumula-queda-de-0-34-em-12-meses\/"},"modified":"2018-01-18T21:49:09","modified_gmt":"2018-01-18T23:49:09","slug":"inflacao-do-aluguel-acumula-queda-de-0-34-em-12-meses","status":"publish","type":"post","link":"https:\/\/diarioregionaldigital.com.br\/?p=89936","title":{"rendered":"Infla\u00e7\u00e3o do aluguel acumula queda de 0,34% em 12 meses"},"content":{"rendered":"<p>Usado no reajuste de alugu\u00e9is, o \u00cdndice Geral de Pre\u00e7os &#8211; Mercado (IGP-M) acumula defla\u00e7\u00e3o (queda de pre\u00e7os) de 0,34% em 12 meses, de acordo com a segunda pr\u00e9via de janeiro do indicador, divulgada hoje, 18, no Rio de Janeiro, pela Funda\u00e7\u00e3o Getulio Vargas (FGV).&nbsp;Considerando-se apenas janeiro, a segunda pr\u00e9via registrou infla\u00e7\u00e3o de 0,82%, taxa menor que a segunda pr\u00e9via de dezembro de 2017.<\/p>\n<p>A queda da taxa entre dezembro e janeiro foi provocada pelos pre\u00e7os no atacado e pelo custo da constru\u00e7\u00e3o. A infla\u00e7\u00e3o do \u00cdndice de Pre\u00e7os ao Produtor Amplo, que mede o atacado, caiu de 1,23% na segunda pr\u00e9via de dezembro para 1,04% em janeiro. A infla\u00e7\u00e3o do \u00cdndice Nacional de Custo da Constru\u00e7\u00e3o recuou de 0,27% para 0,19%.<\/p>\n<p>Por outro lado, a infla\u00e7\u00e3o do \u00cdndice de Pre\u00e7os ao Consumidor, que analisa o varejo, subiu de 0,31% na segunda pr\u00e9via de dezembro para 0,43% na segunda pr\u00e9via de janeiro.<\/p>\n<p>A segunda pr\u00e9via \u00e9 medida com base em pre\u00e7os coletados entre os dias 21 do m\u00eas anterior e 10 do m\u00eas de refer\u00eancia.<\/p>\n<hr \/>\n<p>&nbsp;Fonte: Ag\u00eancia Brasil<\/p>\n","protected":false},"excerpt":{"rendered":"<p>Usado no reajuste de alugu\u00e9is, o \u00cdndice Geral de Pre\u00e7os &#8211; Mercado (IGP-M) acumula defla\u00e7\u00e3o (queda de pre\u00e7os) de 0,34% em 12 meses, de acordo com a segunda pr\u00e9via de janeiro do indicador, divulgada hoje, 18, no Rio de Janeiro, pela Funda\u00e7\u00e3o Getulio Vargas (FGV).&nbsp;Considerando-se apenas janeiro, a segunda pr\u00e9via registrou infla\u00e7\u00e3o de 0,82%, taxa [&hellip;]<\/p>\n","protected":false},"author":96,"featured_media":89935,"comment_status":"closed","ping_status":"closed","sticky":false,"template":"","format":"standard","meta":{"footnotes":""},"categories":[261],"tags":[],"class_list":["post-89936","post","type-post","status-publish","format-standard","has-post-thumbnail","hentry","category-economia"],"_links":{"self":[{"href":"https:\/\/diarioregionaldigital.com.br\/index.php?rest_route=\/wp\/v2\/posts\/89936","targetHints":{"allow":["GET"]}}],"collection":[{"href":"https:\/\/diarioregionaldigital.com.br\/index.php?rest_route=\/wp\/v2\/posts"}],"about":[{"href":"https:\/\/diarioregionaldigital.com.br\/index.php?rest_route=\/wp\/v2\/types\/post"}],"author":[{"embeddable":true,"href":"https:\/\/diarioregionaldigital.com.br\/index.php?rest_route=\/wp\/v2\/users\/96"}],"replies":[{"embeddable":true,"href":"https:\/\/diarioregionaldigital.com.br\/index.php?rest_route=%2Fwp%2Fv2%2Fcomments&post=89936"}],"version-history":[{"count":0,"href":"https:\/\/diarioregionaldigital.com.br\/index.php?rest_route=\/wp\/v2\/posts\/89936\/revisions"}],"wp:featuredmedia":[{"embeddable":true,"href":"https:\/\/diarioregionaldigital.com.br\/index.php?rest_route=\/wp\/v2\/media\/89935"}],"wp:attachment":[{"href":"https:\/\/diarioregionaldigital.com.br\/index.php?rest_route=%2Fwp%2Fv2%2Fmedia&parent=89936"}],"wp:term":[{"taxonomy":"category","embeddable":true,"href":"https:\/\/diarioregionaldigital.com.br\/index.php?rest_route=%2Fwp%2Fv2%2Fcategories&post=89936"},{"taxonomy":"post_tag","embeddable":true,"href":"https:\/\/diarioregionaldigital.com.br\/index.php?rest_route=%2Fwp%2Fv2%2Ftags&post=89936"}],"curies":[{"name":"wp","href":"https:\/\/api.w.org\/{rel}","templated":true}]}}