{"id":89930,"date":"2018-01-18T21:34:55","date_gmt":"2018-01-18T23:34:55","guid":{"rendered":"http:\/\/diarioregionaljf.com.br\/2018\/01\/18\/febraban-estuda-acoes-para-reduzir-juros-do-cheque-especial\/"},"modified":"2018-01-18T21:34:55","modified_gmt":"2018-01-18T23:34:55","slug":"febraban-estuda-acoes-para-reduzir-juros-do-cheque-especial","status":"publish","type":"post","link":"https:\/\/diarioregionaldigital.com.br\/?p=89930","title":{"rendered":"Febraban estuda a\u00e7\u00f5es para reduzir juros do cheque especial"},"content":{"rendered":"<p>A Federa\u00e7\u00e3o Brasileira de Bancos (Febraban) avalia medidas para reduzir os juros do cheque especial. Em nota publicada a entidade informou que estuda a\u00e7\u00f5es para melhorar o ambiente de cr\u00e9dito no pa\u00eds e reduzir o spread banc\u00e1rio, diferen\u00e7a entre os juros que o banco paga para captar dinheiro de investidores e as taxas cobradas dos tomadores de empr\u00e9stimos e financiamentos.<\/p>\n<p>O comunicado n\u00e3o entrou em detalhes. Em dezembro, segundo os dados mais recentes da Associa\u00e7\u00e3o Nacional dos Executivos de Finan\u00e7as Administra\u00e7\u00e3o e Contabilidade (Anefac), os juros do cheque especial estavam em 295,48% ao ano. Dessa forma, algu\u00e9m que contrai R$1 mil nessa modalidade deve R$3.295,48 ao fim de 12 meses, se n\u00e3o quitar a opera\u00e7\u00e3o. O cheque especial est\u00e1 somente atr\u00e1s do cart\u00e3o de cr\u00e9dito, que encerrou 2017 com taxa de 321,63% ao ano.<\/p>\n<p>O presidente da Febraban, Murilo Portugal, reuniu-se com o secret\u00e1rio executivo do Minist\u00e9rio da Fazenda, Eduardo Guardia. Na sa\u00edda do encontro, n\u00e3o confirmou se a redu\u00e7\u00e3o de juros do cheque especial foi discutida. Apenas disse que os dois trataram de medidas tribut\u00e1rias.<\/p>\n<p>Mais cedo, o ministro da Fazenda, Henrique Meirelles, disse a jornalistas que os juros do cheque especial s\u00e3o elevados. Ele confirmou que o Banco Central (BC) estuda medidas para a redu\u00e7\u00e3o das taxas, mas negou que exista alguma a\u00e7\u00e3o definida. \u201cEu acho que \u00e9 importante a queda de juros no cheque especial, que est\u00e1 muito elevado. Mas n\u00e3o h\u00e1 nenhuma medida espec\u00edfica j\u00e1 definida.<\/p>\n<p>O BC est\u00e1 estudando v\u00e1rias coisas\u201d, disse Meirelles na portaria do minist\u00e9rio.<\/p>\n<hr \/>\n<p>&nbsp;Fonte: Ag\u00eancia Brasil<\/p>\n","protected":false},"excerpt":{"rendered":"<p>A Federa\u00e7\u00e3o Brasileira de Bancos (Febraban) avalia medidas para reduzir os juros do cheque especial. Em nota publicada a entidade informou que estuda a\u00e7\u00f5es para melhorar o ambiente de cr\u00e9dito no pa\u00eds e reduzir o spread banc\u00e1rio, diferen\u00e7a entre os juros que o banco paga para captar dinheiro de investidores e as taxas cobradas dos [&hellip;]<\/p>\n","protected":false},"author":96,"featured_media":89929,"comment_status":"closed","ping_status":"closed","sticky":false,"template":"","format":"standard","meta":{"footnotes":""},"categories":[261],"tags":[],"class_list":["post-89930","post","type-post","status-publish","format-standard","has-post-thumbnail","hentry","category-economia"],"_links":{"self":[{"href":"https:\/\/diarioregionaldigital.com.br\/index.php?rest_route=\/wp\/v2\/posts\/89930","targetHints":{"allow":["GET"]}}],"collection":[{"href":"https:\/\/diarioregionaldigital.com.br\/index.php?rest_route=\/wp\/v2\/posts"}],"about":[{"href":"https:\/\/diarioregionaldigital.com.br\/index.php?rest_route=\/wp\/v2\/types\/post"}],"author":[{"embeddable":true,"href":"https:\/\/diarioregionaldigital.com.br\/index.php?rest_route=\/wp\/v2\/users\/96"}],"replies":[{"embeddable":true,"href":"https:\/\/diarioregionaldigital.com.br\/index.php?rest_route=%2Fwp%2Fv2%2Fcomments&post=89930"}],"version-history":[{"count":0,"href":"https:\/\/diarioregionaldigital.com.br\/index.php?rest_route=\/wp\/v2\/posts\/89930\/revisions"}],"wp:featuredmedia":[{"embeddable":true,"href":"https:\/\/diarioregionaldigital.com.br\/index.php?rest_route=\/wp\/v2\/media\/89929"}],"wp:attachment":[{"href":"https:\/\/diarioregionaldigital.com.br\/index.php?rest_route=%2Fwp%2Fv2%2Fmedia&parent=89930"}],"wp:term":[{"taxonomy":"category","embeddable":true,"href":"https:\/\/diarioregionaldigital.com.br\/index.php?rest_route=%2Fwp%2Fv2%2Fcategories&post=89930"},{"taxonomy":"post_tag","embeddable":true,"href":"https:\/\/diarioregionaldigital.com.br\/index.php?rest_route=%2Fwp%2Fv2%2Ftags&post=89930"}],"curies":[{"name":"wp","href":"https:\/\/api.w.org\/{rel}","templated":true}]}}