{"id":89926,"date":"2018-01-18T21:20:04","date_gmt":"2018-01-18T23:20:04","guid":{"rendered":"http:\/\/diarioregionaljf.com.br\/2018\/01\/18\/aeronave-derrapa-e-capota-no-aeroporto-da-serrinha-2\/"},"modified":"2018-01-18T21:20:04","modified_gmt":"2018-01-18T23:20:04","slug":"aeronave-derrapa-e-capota-no-aeroporto-da-serrinha-2","status":"publish","type":"post","link":"https:\/\/diarioregionaldigital.com.br\/?p=89926","title":{"rendered":"Aeronave derrapa e capota no Aeroporto da Serrinha"},"content":{"rendered":"<p>Um monomotor derrapou na pista e capotou no Aeroporto Francisco \u00c1lvares de Assis, mais conhecido como Serrinha, na manh\u00e3 dessa quinta-feira, 18. A aeronave era utilizada para treinamento e ocupada pelo instrutor e o aluno, que n\u00e3o se feriram.<\/p>\n<p>Em nota, a Secretaria de Desenvolvimento Econ\u00f4mico, Trabalho e Turismo (Sedettur), respons\u00e1vel pela administra\u00e7\u00e3o do aeroporto, informaram que todos os procedimentos foram adotados e os \u00f3rg\u00e3os respons\u00e1veis acionados imediatamente ap\u00f3s o incidente.<\/p>\n<p>As opera\u00e7\u00f5es do aeroporto n\u00e3o foram interrompidas em fun\u00e7\u00e3o do ocorrido.<\/p>\n<p>A aeronave j\u00e1 foi retirada e o Serrinha opera normalmente para pousos e decolagens.<\/p>\n","protected":false},"excerpt":{"rendered":"<p>Um monomotor derrapou na pista e capotou no Aeroporto Francisco \u00c1lvares de Assis, mais conhecido como Serrinha, na manh\u00e3 dessa quinta-feira, 18. A aeronave era utilizada para treinamento e ocupada pelo instrutor e o aluno, que n\u00e3o se feriram. Em nota, a Secretaria de Desenvolvimento Econ\u00f4mico, Trabalho e Turismo (Sedettur), respons\u00e1vel pela administra\u00e7\u00e3o do aeroporto, [&hellip;]<\/p>\n","protected":false},"author":96,"featured_media":89925,"comment_status":"closed","ping_status":"closed","sticky":false,"template":"","format":"standard","meta":{"footnotes":""},"categories":[253],"tags":[],"class_list":["post-89926","post","type-post","status-publish","format-standard","has-post-thumbnail","hentry","category-cidade"],"_links":{"self":[{"href":"https:\/\/diarioregionaldigital.com.br\/index.php?rest_route=\/wp\/v2\/posts\/89926","targetHints":{"allow":["GET"]}}],"collection":[{"href":"https:\/\/diarioregionaldigital.com.br\/index.php?rest_route=\/wp\/v2\/posts"}],"about":[{"href":"https:\/\/diarioregionaldigital.com.br\/index.php?rest_route=\/wp\/v2\/types\/post"}],"author":[{"embeddable":true,"href":"https:\/\/diarioregionaldigital.com.br\/index.php?rest_route=\/wp\/v2\/users\/96"}],"replies":[{"embeddable":true,"href":"https:\/\/diarioregionaldigital.com.br\/index.php?rest_route=%2Fwp%2Fv2%2Fcomments&post=89926"}],"version-history":[{"count":0,"href":"https:\/\/diarioregionaldigital.com.br\/index.php?rest_route=\/wp\/v2\/posts\/89926\/revisions"}],"wp:featuredmedia":[{"embeddable":true,"href":"https:\/\/diarioregionaldigital.com.br\/index.php?rest_route=\/wp\/v2\/media\/89925"}],"wp:attachment":[{"href":"https:\/\/diarioregionaldigital.com.br\/index.php?rest_route=%2Fwp%2Fv2%2Fmedia&parent=89926"}],"wp:term":[{"taxonomy":"category","embeddable":true,"href":"https:\/\/diarioregionaldigital.com.br\/index.php?rest_route=%2Fwp%2Fv2%2Fcategories&post=89926"},{"taxonomy":"post_tag","embeddable":true,"href":"https:\/\/diarioregionaldigital.com.br\/index.php?rest_route=%2Fwp%2Fv2%2Ftags&post=89926"}],"curies":[{"name":"wp","href":"https:\/\/api.w.org\/{rel}","templated":true}]}}