{"id":89924,"date":"2018-01-18T21:20:03","date_gmt":"2018-01-18T23:20:03","guid":{"rendered":"http:\/\/diarioregionaljf.com.br\/2018\/01\/18\/aniversario-bombastico\/"},"modified":"2018-01-18T21:20:03","modified_gmt":"2018-01-18T23:20:03","slug":"aniversario-bombastico","status":"publish","type":"post","link":"https:\/\/diarioregionaldigital.com.br\/?p=89924","title":{"rendered":"Anivers\u00e1rio Bomb\u00e1stico"},"content":{"rendered":"<p style=\"text-align: center;\"><span class=\"h4\">Disque Ado\u00e7\u00e3o<\/span><br \/>O vereador Marlon Siqueira (MDB), que sempre luta por causas justas, lan\u00e7ou um projeto de lei em que Juiz de Fora pode ganhar um sistema telef\u00f4nico para fomentar a ado\u00e7\u00e3o de animais tratados e abrigados no canil e gatil do munic\u00edpio. O estilo ao acolhimento tamb\u00e9m poder\u00e1 ser estendido a outros animais em condi\u00e7\u00f5es de abandono, que estiverem sob a tutela do \u00f3rg\u00e3o municipal respons\u00e1vel.<\/p>\n<p style=\"text-align: center;\"><span class=\"h4\">Folia Certa<\/span><br \/>Usando o refr\u00e3o mais cantado do carnaval 2018 que fala que pecado \u00e9 n\u00e3o brincar no carnaval, a cidade de S\u00e3o Jo\u00e3o Nepomuceno vai ter lindo carnaval em 2018. O munic\u00edpio anunciou que possui or\u00e7amento de R$ 306 mil para realizar o evento. Quase todos os blocos tradicionais da cidade j\u00e1 confirmaram presen\u00e7a. Em cena, Bloco do Barril e Esta\u00e7\u00e3o Samba.<\/p>\n<p style=\"text-align: center;\"><span class=\"h4\">Olha S\u00f3<\/span><br \/>Falta dinheiro no caixa petista para manter a onda de manifesta\u00e7\u00f5es em defesa de Lula. Para garantir as a\u00e7\u00f5es, que o PT pretende tornar \u201cquase permanentes\u201d a presidente do partido, Gleisi Hoffmann, pediu o empenho de l\u00edderes e militantes. Campanhas nas redes sociais levantam uma ideia contra uma eventual condena\u00e7\u00e3o do ex-presidente pelo TRF-4, no pr\u00f3ximo dia 24.<\/p>\n<p style=\"text-align: center;\"><span class=\"h4\">Divo<\/span><br \/>Em boa hora a vida do ator, comediante, dan\u00e7arino e drag queen Jorge Lafond, famoso pela personagem Vera Ver\u00e3o, vai virar document\u00e1rio. \u201cDivino Lafond\u201d contar\u00e1 a hist\u00f3ria desse carioca da Vila da Penha, sob dire\u00e7\u00e3o do jornalista e produtor cultural Breno Lira Gomes. O filme j\u00e1 come\u00e7a a ser produzido este m\u00eas, quando se completam 15 anos de sua morte.<\/p>\n<p style=\"text-align: center;\"><span class=\"h4\">Anivers\u00e1rio Bomb\u00e1stico<\/span><br \/>Colocando todas as orqu\u00eddeas na janela, o bonito espa\u00e7o do Mangarito no bairro Nova Calif\u00f3rnia, serviu de cen\u00e1rio para a festa de comemora\u00e7\u00e3o dos 75 anos da artista pl\u00e1stica Nequitz Miguel. Um luau foi montado com decora\u00e7\u00e3o bel\u00edssima em profus\u00e3o de flores nativas. A boa m\u00fasica invadiu os sal\u00f5es e os familiares e amigos dan\u00e7aram como se n\u00e3o houvesse amanh\u00e3. O buffet fart\u00edssimo do Mangarito, com assessoria de Silvana Souza e M\u00e1rcia Quitz, foi o chique da noite para o empoderamento de Nequitz. As fotos de Marc\u00edlio Gomes registram.<\/p>\n<p style=\"text-align: center;\"><img decoding=\"async\" class=\" size-full wp-image-89909\" src=\"http:\/\/diarioregionaljf.com.br\/wp-content\/uploads\/2018\/01\/diario-int-23257-1.jpg\" alt=\"fotoa.jpg\" width=\"680\" style=\"display: block; margin-left: auto; margin-right: auto;\" srcset=\"https:\/\/diarioregionaldigital.com.br\/wp-content\/uploads\/2018\/01\/diario-int-23257-1.jpg 680w, https:\/\/diarioregionaldigital.com.br\/wp-content\/uploads\/2018\/01\/diario-int-23257-1-300x199.jpg 300w, https:\/\/diarioregionaldigital.com.br\/wp-content\/uploads\/2018\/01\/diario-int-23257-1-360x238.jpg 360w\" sizes=\"(max-width: 680px) 100vw, 680px\" \/>Nequitz Miguel ladeada de Talyta Quitz, Carol Quitz, Isabella Quitz e K\u00e1tia Miguel Larsen<\/p>\n<p style=\"text-align: center;\"><img decoding=\"async\" class=\" size-full wp-image-89910\" src=\"http:\/\/diarioregionaljf.com.br\/wp-content\/uploads\/2018\/01\/diario-int-23257-2.jpg\" alt=\"fotob.jpg\" width=\"680\" style=\"display: block; margin-left: auto; margin-right: auto;\" srcset=\"https:\/\/diarioregionaldigital.com.br\/wp-content\/uploads\/2018\/01\/diario-int-23257-2.jpg 680w, https:\/\/diarioregionaldigital.com.br\/wp-content\/uploads\/2018\/01\/diario-int-23257-2-300x199.jpg 300w, https:\/\/diarioregionaldigital.com.br\/wp-content\/uploads\/2018\/01\/diario-int-23257-2-360x238.jpg 360w\" sizes=\"(max-width: 680px) 100vw, 680px\" \/>Nequitz Miguel e o marido C\u00e9sar Mon\u00e7\u00e3o<\/p>\n<p style=\"text-align: center;\"><img decoding=\"async\" class=\" size-full wp-image-89911\" src=\"http:\/\/diarioregionaljf.com.br\/wp-content\/uploads\/2018\/01\/diario-int-23257-3.jpg\" alt=\"fotoc.jpg\" width=\"680\" style=\"display: block; margin-left: auto; margin-right: auto;\" srcset=\"https:\/\/diarioregionaldigital.com.br\/wp-content\/uploads\/2018\/01\/diario-int-23257-3.jpg 680w, https:\/\/diarioregionaldigital.com.br\/wp-content\/uploads\/2018\/01\/diario-int-23257-3-300x199.jpg 300w, https:\/\/diarioregionaldigital.com.br\/wp-content\/uploads\/2018\/01\/diario-int-23257-3-360x238.jpg 360w\" sizes=\"(max-width: 680px) 100vw, 680px\" \/>M\u00e1rcio Larsen, K\u00e1tia Miguel Larsen e Nequitz Miguel<\/p>\n<p style=\"text-align: center;\"><img decoding=\"async\" class=\" size-full wp-image-89912\" src=\"http:\/\/diarioregionaljf.com.br\/wp-content\/uploads\/2018\/01\/diario-int-23257-4.jpg\" alt=\"fotod.jpg\" width=\"680\" style=\"display: block; margin-left: auto; margin-right: auto;\" srcset=\"https:\/\/diarioregionaldigital.com.br\/wp-content\/uploads\/2018\/01\/diario-int-23257-4.jpg 680w, https:\/\/diarioregionaldigital.com.br\/wp-content\/uploads\/2018\/01\/diario-int-23257-4-300x199.jpg 300w, https:\/\/diarioregionaldigital.com.br\/wp-content\/uploads\/2018\/01\/diario-int-23257-4-360x238.jpg 360w\" sizes=\"(max-width: 680px) 100vw, 680px\" \/>Andreias, Nequitz Miguel e Aline<\/p>\n<p style=\"text-align: center;\"><img decoding=\"async\" class=\" size-full wp-image-89913\" src=\"http:\/\/diarioregionaljf.com.br\/wp-content\/uploads\/2018\/01\/diario-int-23257-5.jpg\" alt=\"fotoe.jpg\" width=\"680\" style=\"display: block; margin-left: auto; margin-right: auto;\" srcset=\"https:\/\/diarioregionaldigital.com.br\/wp-content\/uploads\/2018\/01\/diario-int-23257-5.jpg 680w, https:\/\/diarioregionaldigital.com.br\/wp-content\/uploads\/2018\/01\/diario-int-23257-5-300x199.jpg 300w, https:\/\/diarioregionaldigital.com.br\/wp-content\/uploads\/2018\/01\/diario-int-23257-5-360x238.jpg 360w\" sizes=\"(max-width: 680px) 100vw, 680px\" \/>K\u00e1tia Miguel Larsen e Marcia Quitz Leonel<\/p>\n<p style=\"text-align: center;\"><img decoding=\"async\" class=\" size-full wp-image-89914\" src=\"http:\/\/diarioregionaljf.com.br\/wp-content\/uploads\/2018\/01\/diario-int-23257-6.jpg\" alt=\"fotof.jpg\" width=\"680\" style=\"display: block; margin-left: auto; margin-right: auto;\" srcset=\"https:\/\/diarioregionaldigital.com.br\/wp-content\/uploads\/2018\/01\/diario-int-23257-6.jpg 680w, https:\/\/diarioregionaldigital.com.br\/wp-content\/uploads\/2018\/01\/diario-int-23257-6-300x199.jpg 300w, https:\/\/diarioregionaldigital.com.br\/wp-content\/uploads\/2018\/01\/diario-int-23257-6-360x238.jpg 360w\" sizes=\"(max-width: 680px) 100vw, 680px\" \/>K\u00e1tia Miguel Larsen, Beth Urgal, Heloisa Pipa, Nequitz Miguel, Luiz Gamonal e C\u00e1ssia<\/p>\n<p style=\"text-align: center;\"><img decoding=\"async\" class=\" size-full wp-image-89915\" src=\"http:\/\/diarioregionaljf.com.br\/wp-content\/uploads\/2018\/01\/diario-int-23257-7.jpg\" alt=\"fotog.jpg\" width=\"680\" style=\"display: block; margin-left: auto; margin-right: auto;\" srcset=\"https:\/\/diarioregionaldigital.com.br\/wp-content\/uploads\/2018\/01\/diario-int-23257-7.jpg 680w, https:\/\/diarioregionaldigital.com.br\/wp-content\/uploads\/2018\/01\/diario-int-23257-7-300x199.jpg 300w, https:\/\/diarioregionaldigital.com.br\/wp-content\/uploads\/2018\/01\/diario-int-23257-7-360x238.jpg 360w\" sizes=\"(max-width: 680px) 100vw, 680px\" \/>Nequitz Miguel e Carol Quitz<\/p>\n<p style=\"text-align: center;\"><img decoding=\"async\" class=\" size-full wp-image-89916\" src=\"http:\/\/diarioregionaljf.com.br\/wp-content\/uploads\/2018\/01\/diario-int-23257-8.jpg\" alt=\"fotoh.jpg\" width=\"680\" style=\"display: block; margin-left: auto; margin-right: auto;\" srcset=\"https:\/\/diarioregionaldigital.com.br\/wp-content\/uploads\/2018\/01\/diario-int-23257-8.jpg 680w, https:\/\/diarioregionaldigital.com.br\/wp-content\/uploads\/2018\/01\/diario-int-23257-8-300x199.jpg 300w, https:\/\/diarioregionaldigital.com.br\/wp-content\/uploads\/2018\/01\/diario-int-23257-8-360x238.jpg 360w\" sizes=\"(max-width: 680px) 100vw, 680px\" \/>Marcia Quitz ladeando Saulo, Rodrigo, Ines, Hugo, Victor e Cristiane<\/p>\n<p style=\"text-align: center;\"><img decoding=\"async\" class=\" size-full wp-image-89917\" src=\"http:\/\/diarioregionaljf.com.br\/wp-content\/uploads\/2018\/01\/diario-int-23257-9.jpg\" alt=\"fotoi.jpg\" width=\"680\" style=\"display: block; margin-left: auto; margin-right: auto;\" srcset=\"https:\/\/diarioregionaldigital.com.br\/wp-content\/uploads\/2018\/01\/diario-int-23257-9.jpg 680w, https:\/\/diarioregionaldigital.com.br\/wp-content\/uploads\/2018\/01\/diario-int-23257-9-300x199.jpg 300w, https:\/\/diarioregionaldigital.com.br\/wp-content\/uploads\/2018\/01\/diario-int-23257-9-360x238.jpg 360w\" sizes=\"(max-width: 680px) 100vw, 680px\" \/>Vagner Aniceto, Lesiane Ogg, Simone, Matilde Toledo, Nequitz Miguel, Mari e L\u00facia<\/p>\n<p style=\"text-align: center;\"><img decoding=\"async\" class=\" size-full wp-image-89918\" src=\"http:\/\/diarioregionaljf.com.br\/wp-content\/uploads\/2018\/01\/diario-int-23257-10.jpg\" alt=\"fotoj.jpg\" width=\"680\" style=\"display: block; margin-left: auto; margin-right: auto;\" srcset=\"https:\/\/diarioregionaldigital.com.br\/wp-content\/uploads\/2018\/01\/diario-int-23257-10.jpg 680w, https:\/\/diarioregionaldigital.com.br\/wp-content\/uploads\/2018\/01\/diario-int-23257-10-300x221.jpg 300w, https:\/\/diarioregionaldigital.com.br\/wp-content\/uploads\/2018\/01\/diario-int-23257-10-360x265.jpg 360w\" sizes=\"(max-width: 680px) 100vw, 680px\" \/>Nequitz Miguel, Sininha e Gisely Marques<\/p>\n<p style=\"text-align: center;\"><img decoding=\"async\" class=\" size-full wp-image-89919\" src=\"http:\/\/diarioregionaljf.com.br\/wp-content\/uploads\/2018\/01\/diario-int-23257-11.jpg\" alt=\"fotol.jpg\" width=\"680\" style=\"display: block; margin-left: auto; margin-right: auto;\" srcset=\"https:\/\/diarioregionaldigital.com.br\/wp-content\/uploads\/2018\/01\/diario-int-23257-11.jpg 680w, https:\/\/diarioregionaldigital.com.br\/wp-content\/uploads\/2018\/01\/diario-int-23257-11-300x199.jpg 300w, https:\/\/diarioregionaldigital.com.br\/wp-content\/uploads\/2018\/01\/diario-int-23257-11-360x238.jpg 360w\" sizes=\"(max-width: 680px) 100vw, 680px\" \/>Cadu Loures, Nequitz Miguel e Fernanda Loures<\/p>\n<p style=\"text-align: center;\"><img decoding=\"async\" class=\" size-full wp-image-89920\" src=\"http:\/\/diarioregionaljf.com.br\/wp-content\/uploads\/2018\/01\/diario-int-23257-12.jpg\" alt=\"fotom.jpg\" width=\"680\" style=\"display: block; margin-left: auto; margin-right: auto;\" srcset=\"https:\/\/diarioregionaldigital.com.br\/wp-content\/uploads\/2018\/01\/diario-int-23257-12.jpg 680w, https:\/\/diarioregionaldigital.com.br\/wp-content\/uploads\/2018\/01\/diario-int-23257-12-300x199.jpg 300w, https:\/\/diarioregionaldigital.com.br\/wp-content\/uploads\/2018\/01\/diario-int-23257-12-360x238.jpg 360w\" sizes=\"(max-width: 680px) 100vw, 680px\" \/>Neuza Marsicano, Vagner Aniceto e Heloisa Pipa<\/p>\n<p style=\"text-align: center;\"><img decoding=\"async\" class=\" size-full wp-image-89921\" src=\"http:\/\/diarioregionaljf.com.br\/wp-content\/uploads\/2018\/01\/diario-int-23257-13.jpg\" alt=\"foton.jpg\" width=\"680\" style=\"display: block; margin-left: auto; margin-right: auto;\" srcset=\"https:\/\/diarioregionaldigital.com.br\/wp-content\/uploads\/2018\/01\/diario-int-23257-13.jpg 680w, https:\/\/diarioregionaldigital.com.br\/wp-content\/uploads\/2018\/01\/diario-int-23257-13-300x199.jpg 300w, https:\/\/diarioregionaldigital.com.br\/wp-content\/uploads\/2018\/01\/diario-int-23257-13-360x238.jpg 360w\" sizes=\"(max-width: 680px) 100vw, 680px\" \/>Ivete Gomes, Eduardo Gomes, Beth Urgal<\/p>\n<p style=\"text-align: center;\"><img decoding=\"async\" class=\" size-full wp-image-89922\" src=\"http:\/\/diarioregionaljf.com.br\/wp-content\/uploads\/2018\/01\/diario-int-23257-14.JPG\" alt=\"fotoo.JPG\" width=\"680\" style=\"display: block; margin-left: auto; margin-right: auto;\" srcset=\"https:\/\/diarioregionaldigital.com.br\/wp-content\/uploads\/2018\/01\/diario-int-23257-14.JPG 680w, https:\/\/diarioregionaldigital.com.br\/wp-content\/uploads\/2018\/01\/diario-int-23257-14-300x199.jpg 300w, https:\/\/diarioregionaldigital.com.br\/wp-content\/uploads\/2018\/01\/diario-int-23257-14-360x238.jpg 360w\" sizes=\"(max-width: 680px) 100vw, 680px\" \/>Talison Vardiero e Eduardo Gomes<\/p>\n<p style=\"text-align: center;\"><img decoding=\"async\" class=\" size-full wp-image-89923\" src=\"http:\/\/diarioregionaljf.com.br\/wp-content\/uploads\/2018\/01\/diario-int-23257-15.jpg\" alt=\"fotop.jpg\" width=\"680\" style=\"display: block; margin-left: auto; margin-right: auto;\" srcset=\"https:\/\/diarioregionaldigital.com.br\/wp-content\/uploads\/2018\/01\/diario-int-23257-15.jpg 680w, https:\/\/diarioregionaldigital.com.br\/wp-content\/uploads\/2018\/01\/diario-int-23257-15-300x199.jpg 300w, https:\/\/diarioregionaldigital.com.br\/wp-content\/uploads\/2018\/01\/diario-int-23257-15-360x238.jpg 360w\" sizes=\"(max-width: 680px) 100vw, 680px\" \/>K\u00e1tia Miguel larsen, Marcia Quitz, Nequitz Miguel e Pedro Leonel e Let\u00edcia<\/p>\n<p class=\"h4\" style=\"text-align: center;\">FOTOSS\u00cdNTESE<\/p>\n<p>Em estilo confete e serpentina acontece neste s\u00e1bado, 20, na quadra da Escola de Samba Uni\u00e3o das Cores, no Milho Branco, a escolha da Rainha da Bateria. Vai ter combo de bebidas, petiscos e shows com Nascimento, Grupo Fam\u00edlia, Samba da Galera, Grupo La\u00e7os de Amizade, Tititi da Resenha, Baterias da Uni\u00e3o das Cores, Real Grandeza, Unidos do Ladeira. A partir das 14h.<\/p>\n<p>A sede Social da ASE ser\u00e1 palco para o Grito de Carnaval da Banda Daki, no s\u00e1bado, 20 de janeiro, \u00e0s 21h.<\/p>\n<p>Prossegue at\u00e9 o dia 21 de janeiro no MHall, a Feira Brasileira de Gestante e Beb\u00ea. No amplo espa\u00e7o, exposi\u00e7\u00e3o de roupas e cal\u00e7ados, pra\u00e7a de alimenta\u00e7\u00e3o, frald\u00e1rio, \u00e1rea de recrea\u00e7\u00e3o e muito mais.<\/p>\n<p>Com a\u00e7\u00e3o solid\u00e1ria no dia 19 de maio, a linda blogueira Gigi Fonseca vai promover um bazar para a constru\u00e7\u00e3o da creche do Ceprom. Na cena estar\u00e3o tamb\u00e9m as influenciadoras Raisa Polato, J\u00falia Horta e Fl\u00e1via Schimidt e o maquiador Victor Fish. Belo exemplo.<\/p>\n<p>Depois de anos com brilhante atua\u00e7\u00e3o, Waldenir Luciano de Souza Lima ficar\u00e1 respons\u00e1vel por todas as unidades de A\u00e7os Longos do Brasil da ArcellorMittal. Ele foi promovido para vice-presidente de opera\u00e7\u00f5es industriais<\/p>\n<p>Comandante dos projetos Biblioteca P\u00fablica e Ponto para quem l\u00ea, o din\u00e2mico Vanderlei Dornelas lan\u00e7a em maio, o livro \u201cAmor que fica\u201d, com pref\u00e1cio da escritora Leila Barbosa.<\/p>\n<p>Premiad\u00edssima em 2017, a escritora Cecy Barbosa Campos vai lan\u00e7ar, em mar\u00e7o, o livro com a antologia \u201cFolclores Brasileiro, lendas e mitos\u201d. O bat-local ser\u00e1 na Biblioteca da UFMG, com curadoria de Nilze Monteiro e Cleide Vieira de Faria.<\/p>\n<p>Usando como refer\u00eancia o Via Brasil, Hudsson Lagrotta promove no s\u00e1bado, 20, \u00e0s 23h, a esfuziante festa Euphorika, vers\u00e3o 2018.<\/p>\n<p>No 2\u00ba piso do Privil\u00e9ge, no s\u00e1bado, 20, \u00e0s 23h, tem o batid\u00e3o com a edi\u00e7\u00e3o especial da festa FunHouse.<\/p>\n<p>Aten\u00e7\u00e3o: N\u00e3o quero a faca nem o queijo. Quero luz e gratid\u00e3o\u201d. (Ad\u00e9lia Prado). Bom final de semana.<\/p>\n","protected":false},"excerpt":{"rendered":"<p>Disque Ado\u00e7\u00e3oO vereador Marlon Siqueira (MDB), que sempre luta por causas justas, lan\u00e7ou um projeto de lei em que Juiz de Fora pode ganhar um sistema telef\u00f4nico para fomentar a ado\u00e7\u00e3o de animais tratados e abrigados no canil e gatil do munic\u00edpio. O estilo ao acolhimento tamb\u00e9m poder\u00e1 ser estendido a outros animais em condi\u00e7\u00f5es [&hellip;]<\/p>\n","protected":false},"author":96,"featured_media":89908,"comment_status":"closed","ping_status":"closed","sticky":false,"template":"","format":"standard","meta":{"footnotes":""},"categories":[264],"tags":[],"class_list":["post-89924","post","type-post","status-publish","format-standard","has-post-thumbnail","hentry","category-eduardo-gomes"],"_links":{"self":[{"href":"https:\/\/diarioregionaldigital.com.br\/index.php?rest_route=\/wp\/v2\/posts\/89924","targetHints":{"allow":["GET"]}}],"collection":[{"href":"https:\/\/diarioregionaldigital.com.br\/index.php?rest_route=\/wp\/v2\/posts"}],"about":[{"href":"https:\/\/diarioregionaldigital.com.br\/index.php?rest_route=\/wp\/v2\/types\/post"}],"author":[{"embeddable":true,"href":"https:\/\/diarioregionaldigital.com.br\/index.php?rest_route=\/wp\/v2\/users\/96"}],"replies":[{"embeddable":true,"href":"https:\/\/diarioregionaldigital.com.br\/index.php?rest_route=%2Fwp%2Fv2%2Fcomments&post=89924"}],"version-history":[{"count":0,"href":"https:\/\/diarioregionaldigital.com.br\/index.php?rest_route=\/wp\/v2\/posts\/89924\/revisions"}],"wp:featuredmedia":[{"embeddable":true,"href":"https:\/\/diarioregionaldigital.com.br\/index.php?rest_route=\/wp\/v2\/media\/89908"}],"wp:attachment":[{"href":"https:\/\/diarioregionaldigital.com.br\/index.php?rest_route=%2Fwp%2Fv2%2Fmedia&parent=89924"}],"wp:term":[{"taxonomy":"category","embeddable":true,"href":"https:\/\/diarioregionaldigital.com.br\/index.php?rest_route=%2Fwp%2Fv2%2Fcategories&post=89924"},{"taxonomy":"post_tag","embeddable":true,"href":"https:\/\/diarioregionaldigital.com.br\/index.php?rest_route=%2Fwp%2Fv2%2Ftags&post=89924"}],"curies":[{"name":"wp","href":"https:\/\/api.w.org\/{rel}","templated":true}]}}