{"id":89907,"date":"2018-01-18T20:59:22","date_gmt":"2018-01-18T22:59:22","guid":{"rendered":"http:\/\/diarioregionaljf.com.br\/2018\/01\/18\/juiz-de-fora-ja-recebeu-36-mil-doses-da-vacina-contra-a-febre-amarela-em-janeiro\/"},"modified":"2018-01-18T20:59:22","modified_gmt":"2018-01-18T22:59:22","slug":"juiz-de-fora-ja-recebeu-36-mil-doses-da-vacina-contra-a-febre-amarela-em-janeiro","status":"publish","type":"post","link":"https:\/\/diarioregionaldigital.com.br\/?p=89907","title":{"rendered":"Juiz de Fora j\u00e1 recebeu 36 mil doses da vacina contra a febre amarela em janeiro"},"content":{"rendered":"<p>Segundo informa\u00e7\u00f5es da Secretaria de Sa\u00fade (SS) de Juiz de Fora, o munic\u00edpio recebeu, somente em janeiro, 36 mil doses da vacina contra a febre amarela e aguarda a entrega de mais 20 mil. Destas 36 mil, 31.400 j\u00e1 foram distribu\u00eddas para os postos e, at\u00e9 o dia 13, apenas 3.773 doses j\u00e1 haviam sido aplicadas.<\/p>\n<p>Conforme a pasta, o Setor de Imuniza\u00e7\u00e3o registrou aumento na procura somente no in\u00edcio desta semana, chegando no pico na quarta-feira, 17.<\/p>\n<p>A SS refor\u00e7a a convoca\u00e7\u00e3o para os juizforanos que ainda n\u00e3o tomaram nenhuma dose da vacina. A partir desta sexta, 19, as Unidades B\u00e1sicas de Sa\u00fade estar\u00e3o abertas tamb\u00e9m das 11h \u00e0s 13h, para aqueles que querem se imunizar. O hor\u00e1rio especial segue at\u00e9 o dia 2 de fevereiro. Al\u00e9m disso, neste s\u00e1bado, 20, 66 postos de sa\u00fade estar\u00e3o abertos na cidade, entre as 8h e as 17h, para vacina\u00e7\u00e3o.<\/p>\n","protected":false},"excerpt":{"rendered":"<p>Segundo informa\u00e7\u00f5es da Secretaria de Sa\u00fade (SS) de Juiz de Fora, o munic\u00edpio recebeu, somente em janeiro, 36 mil doses da vacina contra a febre amarela e aguarda a entrega de mais 20 mil. Destas 36 mil, 31.400 j\u00e1 foram distribu\u00eddas para os postos e, at\u00e9 o dia 13, apenas 3.773 doses j\u00e1 haviam sido [&hellip;]<\/p>\n","protected":false},"author":96,"featured_media":89906,"comment_status":"closed","ping_status":"closed","sticky":false,"template":"","format":"standard","meta":{"footnotes":""},"categories":[253],"tags":[],"class_list":["post-89907","post","type-post","status-publish","format-standard","has-post-thumbnail","hentry","category-cidade"],"_links":{"self":[{"href":"https:\/\/diarioregionaldigital.com.br\/index.php?rest_route=\/wp\/v2\/posts\/89907","targetHints":{"allow":["GET"]}}],"collection":[{"href":"https:\/\/diarioregionaldigital.com.br\/index.php?rest_route=\/wp\/v2\/posts"}],"about":[{"href":"https:\/\/diarioregionaldigital.com.br\/index.php?rest_route=\/wp\/v2\/types\/post"}],"author":[{"embeddable":true,"href":"https:\/\/diarioregionaldigital.com.br\/index.php?rest_route=\/wp\/v2\/users\/96"}],"replies":[{"embeddable":true,"href":"https:\/\/diarioregionaldigital.com.br\/index.php?rest_route=%2Fwp%2Fv2%2Fcomments&post=89907"}],"version-history":[{"count":0,"href":"https:\/\/diarioregionaldigital.com.br\/index.php?rest_route=\/wp\/v2\/posts\/89907\/revisions"}],"wp:featuredmedia":[{"embeddable":true,"href":"https:\/\/diarioregionaldigital.com.br\/index.php?rest_route=\/wp\/v2\/media\/89906"}],"wp:attachment":[{"href":"https:\/\/diarioregionaldigital.com.br\/index.php?rest_route=%2Fwp%2Fv2%2Fmedia&parent=89907"}],"wp:term":[{"taxonomy":"category","embeddable":true,"href":"https:\/\/diarioregionaldigital.com.br\/index.php?rest_route=%2Fwp%2Fv2%2Fcategories&post=89907"},{"taxonomy":"post_tag","embeddable":true,"href":"https:\/\/diarioregionaldigital.com.br\/index.php?rest_route=%2Fwp%2Fv2%2Ftags&post=89907"}],"curies":[{"name":"wp","href":"https:\/\/api.w.org\/{rel}","templated":true}]}}