{"id":89905,"date":"2018-01-18T20:13:02","date_gmt":"2018-01-18T22:13:02","guid":{"rendered":"http:\/\/diarioregionaljf.com.br\/2018\/01\/18\/brasil-comeca-ano-de-copa-da-russia-em-segundo-no-ranking-da-fifa\/"},"modified":"2018-01-18T20:13:02","modified_gmt":"2018-01-18T22:13:02","slug":"brasil-comeca-ano-de-copa-da-russia-em-segundo-no-ranking-da-fifa","status":"publish","type":"post","link":"https:\/\/diarioregionaldigital.com.br\/?p=89905","title":{"rendered":"Brasil come\u00e7a ano de Copa da R\u00fassia em segundo no ranking da Fifa"},"content":{"rendered":"<p>A sele\u00e7\u00e3o brasileira come\u00e7a o ano da Copa do Mundo da R\u00fassia na segunda coloca\u00e7\u00e3o do ranking da Fifa, atualizado nesta quinta-feira, 18. O time comandado pelo t\u00e9cnico Tite s\u00f3 est\u00e1 atr\u00e1s da Alemanha, que ocupa a primeira coloca\u00e7\u00e3o desde setembro, quando ultrapassou o Brasil.<\/p>\n<p>Um dos principais favoritos ao t\u00edtulo no Mundial, o time alem\u00e3o soma 1.602 pontos, contra 1.483 da equipe brasileira. Portugal e Argentina v\u00eam logo atr\u00e1s, seguidos da B\u00e9lgica, Espanha, Pol\u00f4nia e Su\u00ed\u00e7a, que ocupa o oitavo lugar.<\/p>\n<p>O time su\u00ed\u00e7o ser\u00e1 um dos advers\u00e1rios do Brasil na fase de grupos da Copa do Mundo. Os outros ser\u00e3o a Costa Rica e a S\u00e9rvia, que est\u00e3o em 27\u00ba e 37\u00ba lugar, respectivamente.<\/p>\n<p>Fran\u00e7a e Chile, em 9\u00ba e 10\u00ba lugares, fecham o Top 10 do ranking, que n\u00e3o sofrem altera\u00e7\u00e3o em rela\u00e7\u00e3o \u00e0 \u00faltima atualiza\u00e7\u00e3o, feita em dezembro. A primeira mudan\u00e7a na lista aconteceu somente na 15\u00aa posi\u00e7\u00e3o, com a Cro\u00e1cia subindo duas coloca\u00e7\u00f5es e desbancando a Inglaterra e o M\u00e9xico.<\/p>\n<p>A pr\u00f3xima atualiza\u00e7\u00e3o do ranking da Fifa acontecer\u00e1 no dia 15 de fevereiro.<\/p>\n<p><strong>Confira a lista dos 20 primeiros colocados do ranking da Fifa:<\/strong><\/p>\n<p>1\u00ba &#8211; Alemanha, 1.602 pontos<\/p>\n<p>2\u00ba &#8211; Brasil, 1.483<\/p>\n<p>3\u00ba &#8211; Portugal, 1.358<\/p>\n<p>4\u00ba &#8211; Argentina, 1.348<\/p>\n<p>5\u00ba &#8211; B\u00e9lgica, 1.325<\/p>\n<p>6\u00ba &#8211; Espanha, 1.231<\/p>\n<p>7\u00ba &#8211; Pol\u00f4nia, 1.209<\/p>\n<p>8\u00ba &#8211; Su\u00ed\u00e7a, 1.190<\/p>\n<p>9\u00ba &#8211; Fran\u00e7a, 1.183<\/p>\n<p>10\u00ba &#8211; Chile, 1.147<\/p>\n<p>11\u00ba &#8211; Peru, 1.128<\/p>\n<p>12\u00ba &#8211; Dinamarca, 1.099<\/p>\n<p>13\u00ba &#8211; Col\u00f4mbia, 1.078<\/p>\n<p>14\u00ba &#8211; It\u00e1lia, 1.052<\/p>\n<p>15\u00ba &#8211; Cro\u00e1cia, 1.048<\/p>\n<p>16\u00ba &#8211; Inglaterra, 1.047<\/p>\n<p>17\u00ba &#8211; M\u00e9xico, 1.032<\/p>\n<p>18\u00ba &#8211; Su\u00e9cia, 1.000<\/p>\n<p>19\u00ba &#8211; Pa\u00eds de Gales, 985<\/p>\n<p>20\u00ba &#8211; Isl\u00e2ndia, 959<\/p>\n<p><strong>Fonte: Ag\u00eancia do Estado<\/strong><\/p>\n","protected":false},"excerpt":{"rendered":"<p>A sele\u00e7\u00e3o brasileira come\u00e7a o ano da Copa do Mundo da R\u00fassia na segunda coloca\u00e7\u00e3o do ranking da Fifa, atualizado nesta quinta-feira, 18. O time comandado pelo t\u00e9cnico Tite s\u00f3 est\u00e1 atr\u00e1s da Alemanha, que ocupa a primeira coloca\u00e7\u00e3o desde setembro, quando ultrapassou o Brasil. Um dos principais favoritos ao t\u00edtulo no Mundial, o time [&hellip;]<\/p>\n","protected":false},"author":96,"featured_media":89904,"comment_status":"closed","ping_status":"closed","sticky":false,"template":"","format":"standard","meta":{"footnotes":""},"categories":[257],"tags":[],"class_list":["post-89905","post","type-post","status-publish","format-standard","has-post-thumbnail","hentry","category-esporte"],"_links":{"self":[{"href":"https:\/\/diarioregionaldigital.com.br\/index.php?rest_route=\/wp\/v2\/posts\/89905","targetHints":{"allow":["GET"]}}],"collection":[{"href":"https:\/\/diarioregionaldigital.com.br\/index.php?rest_route=\/wp\/v2\/posts"}],"about":[{"href":"https:\/\/diarioregionaldigital.com.br\/index.php?rest_route=\/wp\/v2\/types\/post"}],"author":[{"embeddable":true,"href":"https:\/\/diarioregionaldigital.com.br\/index.php?rest_route=\/wp\/v2\/users\/96"}],"replies":[{"embeddable":true,"href":"https:\/\/diarioregionaldigital.com.br\/index.php?rest_route=%2Fwp%2Fv2%2Fcomments&post=89905"}],"version-history":[{"count":0,"href":"https:\/\/diarioregionaldigital.com.br\/index.php?rest_route=\/wp\/v2\/posts\/89905\/revisions"}],"wp:featuredmedia":[{"embeddable":true,"href":"https:\/\/diarioregionaldigital.com.br\/index.php?rest_route=\/wp\/v2\/media\/89904"}],"wp:attachment":[{"href":"https:\/\/diarioregionaldigital.com.br\/index.php?rest_route=%2Fwp%2Fv2%2Fmedia&parent=89905"}],"wp:term":[{"taxonomy":"category","embeddable":true,"href":"https:\/\/diarioregionaldigital.com.br\/index.php?rest_route=%2Fwp%2Fv2%2Fcategories&post=89905"},{"taxonomy":"post_tag","embeddable":true,"href":"https:\/\/diarioregionaldigital.com.br\/index.php?rest_route=%2Fwp%2Fv2%2Ftags&post=89905"}],"curies":[{"name":"wp","href":"https:\/\/api.w.org\/{rel}","templated":true}]}}