{"id":89903,"date":"2018-01-18T20:10:37","date_gmt":"2018-01-18T22:10:37","guid":{"rendered":"http:\/\/diarioregionaljf.com.br\/2018\/01\/18\/e-pra-vale-irmao-e-empresario-de-ronaldinho-gaucho-confirma-a-aposentadoria-do-craque-acabou\/"},"modified":"2018-01-18T20:10:37","modified_gmt":"2018-01-18T22:10:37","slug":"e-pra-vale-irmao-e-empresario-de-ronaldinho-gaucho-confirma-a-aposentadoria-do-craque-acabou","status":"publish","type":"post","link":"https:\/\/diarioregionaldigital.com.br\/?p=89903","title":{"rendered":"\u00c9 pra vale: Irm\u00e3o e empres\u00e1rio de Ronaldinho Ga\u00facho confirma a aposentadoria do craque: \u201cAcabou!\u201d"},"content":{"rendered":"<p>A carreira de Ronaldinho Ga\u00facho parece mesmo ter chegado ao fim. Sem fazer um jogo oficial desde 2015, o meia deve entrar em campo novamente apenas para realizar jogos de despedida.<\/p>\n<p>Depois de 20 anos atuando profissionalmente,&nbsp;Ronaldinho Ga\u00facho&nbsp;pendurou as chuteiras de forma oficial. Assis&nbsp;, irm\u00e3o e empres\u00e1rio de Ronaldinho, confirmou que o atleta ir\u00e1 se&nbsp;aposentar&nbsp;.&nbsp;<\/p>\n<p>Ronaldinho Ga\u00facho&nbsp;j\u00e1 falava sobre o tema constantemente, mas n\u00e3o havia declarado nada de forma oficial. Nessa ter\u00e7a-feira, 16. Assis revelou em entrevista que o irm\u00e3o j\u00e1 est\u00e1 organizando jogos amistosos para marcar sua despedida dos gramados ap\u00f3s a Copa do Mundo.<\/p>\n<p>&#8220;Ele parou. Acabou. Vamos fazer algo bem grande, bacana, ap\u00f3s a Copa da R\u00fassia, provavelmente em agosto. Faremos v\u00e1rios eventos rodando por Brasil, Europa e \u00c1sia. E, claro, estamos combinando um jogo com a sele\u00e7\u00e3o brasileira&#8221;, revelou Assis.<\/p>\n<p>Ronaldinho atuou profissionalmente pela \u00faltima vez pelo Fluminense, em 2015. A passagem foi r\u00e1pida, e o meia ficou no clube por apenas dois meses e meio, participando de apenas nove partidas. Desde ent\u00e3o, o atleta vem participando de eventos festivos e ligas de futsal na \u00c1sia.<\/p>\n<p>Atualmente, Ronaldinho exerce a fun\u00e7\u00e3o de embaixador do Barcelona. O meia participa de jogos amistosos do time de lendas do clube espanhol, ao lado de ex-jogadores como Rivaldo, Edmilson e Kluivert.<\/p>\n","protected":false},"excerpt":{"rendered":"<p>A carreira de Ronaldinho Ga\u00facho parece mesmo ter chegado ao fim. Sem fazer um jogo oficial desde 2015, o meia deve entrar em campo novamente apenas para realizar jogos de despedida. Depois de 20 anos atuando profissionalmente,&nbsp;Ronaldinho Ga\u00facho&nbsp;pendurou as chuteiras de forma oficial. Assis&nbsp;, irm\u00e3o e empres\u00e1rio de Ronaldinho, confirmou que o atleta ir\u00e1 se&nbsp;aposentar&nbsp;.&nbsp; [&hellip;]<\/p>\n","protected":false},"author":96,"featured_media":89902,"comment_status":"closed","ping_status":"closed","sticky":false,"template":"","format":"standard","meta":{"footnotes":""},"categories":[257],"tags":[],"class_list":["post-89903","post","type-post","status-publish","format-standard","has-post-thumbnail","hentry","category-esporte"],"_links":{"self":[{"href":"https:\/\/diarioregionaldigital.com.br\/index.php?rest_route=\/wp\/v2\/posts\/89903","targetHints":{"allow":["GET"]}}],"collection":[{"href":"https:\/\/diarioregionaldigital.com.br\/index.php?rest_route=\/wp\/v2\/posts"}],"about":[{"href":"https:\/\/diarioregionaldigital.com.br\/index.php?rest_route=\/wp\/v2\/types\/post"}],"author":[{"embeddable":true,"href":"https:\/\/diarioregionaldigital.com.br\/index.php?rest_route=\/wp\/v2\/users\/96"}],"replies":[{"embeddable":true,"href":"https:\/\/diarioregionaldigital.com.br\/index.php?rest_route=%2Fwp%2Fv2%2Fcomments&post=89903"}],"version-history":[{"count":0,"href":"https:\/\/diarioregionaldigital.com.br\/index.php?rest_route=\/wp\/v2\/posts\/89903\/revisions"}],"wp:featuredmedia":[{"embeddable":true,"href":"https:\/\/diarioregionaldigital.com.br\/index.php?rest_route=\/wp\/v2\/media\/89902"}],"wp:attachment":[{"href":"https:\/\/diarioregionaldigital.com.br\/index.php?rest_route=%2Fwp%2Fv2%2Fmedia&parent=89903"}],"wp:term":[{"taxonomy":"category","embeddable":true,"href":"https:\/\/diarioregionaldigital.com.br\/index.php?rest_route=%2Fwp%2Fv2%2Fcategories&post=89903"},{"taxonomy":"post_tag","embeddable":true,"href":"https:\/\/diarioregionaldigital.com.br\/index.php?rest_route=%2Fwp%2Fv2%2Ftags&post=89903"}],"curies":[{"name":"wp","href":"https:\/\/api.w.org\/{rel}","templated":true}]}}