{"id":89901,"date":"2018-01-18T20:04:41","date_gmt":"2018-01-18T22:04:41","guid":{"rendered":"http:\/\/diarioregionaljf.com.br\/2018\/01\/18\/futebol-ufjf-abre-seletivas-para-categorias-de-base\/"},"modified":"2018-01-18T20:04:41","modified_gmt":"2018-01-18T22:04:41","slug":"futebol-ufjf-abre-seletivas-para-categorias-de-base","status":"publish","type":"post","link":"https:\/\/diarioregionaldigital.com.br\/?p=89901","title":{"rendered":"Futebol UFJF abre seletivas para categorias de base"},"content":{"rendered":"<p>Entre os dias 23 e 25 de janeiro, o projeto de extens\u00e3o Futebol UFJF realizar\u00e1 o processo seletivo 2018 para inclus\u00e3o de novos talentos \u00e0s suas categorias de base. O objetivo do projeto, criado h\u00e1 quatro anos na Faculdade de Educa\u00e7\u00e3o F\u00edsica e Desportos (Faefid) da Universidade Federal de Juiz de Fora (UFJF), \u00e9 garimpar jovens futebolistas com talento em potencial para integrarem as equipes e participarem de competi\u00e7\u00f5es municipais e estaduais.&nbsp;<\/p>\n<p>Os interessados em participar do processo seletivo devem se inscrever pelo formul\u00e1rio on-line e comparecer ao campo da Faefid no dia referente a sua categoria. As inscri\u00e7\u00f5es s\u00e3o gratuitas e podem ser feitas at\u00e9 o dia 23.&nbsp;<\/p>\n<p>O processo avaliativo ser\u00e1 realizado entre os dias 23 e 25 de janeiro e abranger\u00e1 as categorias sub-11 (nascidos em 2007 e 2008), sub-13 (em 2005 e 2006), sub-14 (em 2004), sub-15 (em 2003) e sub-17 (em 2002 e 2001). As datas e hor\u00e1rios da sele\u00e7\u00e3o de cada categoria est\u00e3o dispon\u00edveis online.<\/p>\n<p>Professor da Faefid e coordenador do projeto, Marcelo Matta informa que todas as equipes do Futebol UFJF j\u00e1 est\u00e3o com a comiss\u00e3o t\u00e9cnica fechada para participar das competi\u00e7\u00f5es locais e do Campeonato Mineiro. Os treinadores ser\u00e3o Igor Chandretti (sub-11), Bruno Peterson (sub-13), Wellington Da Matta (sub-14), Thadeu Rodrigues (sub-15) e Alex Nascif (sub-17).<\/p>\n<p><em>&nbsp;<\/em><\/p>\n<p><em>&nbsp;Fonte: UFJF&nbsp;<\/em><\/p>\n","protected":false},"excerpt":{"rendered":"<p>Entre os dias 23 e 25 de janeiro, o projeto de extens\u00e3o Futebol UFJF realizar\u00e1 o processo seletivo 2018 para inclus\u00e3o de novos talentos \u00e0s suas categorias de base. O objetivo do projeto, criado h\u00e1 quatro anos na Faculdade de Educa\u00e7\u00e3o F\u00edsica e Desportos (Faefid) da Universidade Federal de Juiz de Fora (UFJF), \u00e9 garimpar [&hellip;]<\/p>\n","protected":false},"author":96,"featured_media":89900,"comment_status":"closed","ping_status":"closed","sticky":false,"template":"","format":"standard","meta":{"footnotes":""},"categories":[257],"tags":[],"class_list":["post-89901","post","type-post","status-publish","format-standard","has-post-thumbnail","hentry","category-esporte"],"_links":{"self":[{"href":"https:\/\/diarioregionaldigital.com.br\/index.php?rest_route=\/wp\/v2\/posts\/89901","targetHints":{"allow":["GET"]}}],"collection":[{"href":"https:\/\/diarioregionaldigital.com.br\/index.php?rest_route=\/wp\/v2\/posts"}],"about":[{"href":"https:\/\/diarioregionaldigital.com.br\/index.php?rest_route=\/wp\/v2\/types\/post"}],"author":[{"embeddable":true,"href":"https:\/\/diarioregionaldigital.com.br\/index.php?rest_route=\/wp\/v2\/users\/96"}],"replies":[{"embeddable":true,"href":"https:\/\/diarioregionaldigital.com.br\/index.php?rest_route=%2Fwp%2Fv2%2Fcomments&post=89901"}],"version-history":[{"count":0,"href":"https:\/\/diarioregionaldigital.com.br\/index.php?rest_route=\/wp\/v2\/posts\/89901\/revisions"}],"wp:featuredmedia":[{"embeddable":true,"href":"https:\/\/diarioregionaldigital.com.br\/index.php?rest_route=\/wp\/v2\/media\/89900"}],"wp:attachment":[{"href":"https:\/\/diarioregionaldigital.com.br\/index.php?rest_route=%2Fwp%2Fv2%2Fmedia&parent=89901"}],"wp:term":[{"taxonomy":"category","embeddable":true,"href":"https:\/\/diarioregionaldigital.com.br\/index.php?rest_route=%2Fwp%2Fv2%2Fcategories&post=89901"},{"taxonomy":"post_tag","embeddable":true,"href":"https:\/\/diarioregionaldigital.com.br\/index.php?rest_route=%2Fwp%2Fv2%2Ftags&post=89901"}],"curies":[{"name":"wp","href":"https:\/\/api.w.org\/{rel}","templated":true}]}}