{"id":89899,"date":"2018-01-18T19:43:34","date_gmt":"2018-01-18T21:43:34","guid":{"rendered":"http:\/\/diarioregionaljf.com.br\/2018\/01\/18\/jovens-suspeitos-de-roubo-sao-presos-durante-operacao-da-pc-em-miradouro\/"},"modified":"2018-01-18T19:43:34","modified_gmt":"2018-01-18T21:43:34","slug":"jovens-suspeitos-de-roubo-sao-presos-durante-operacao-da-pc-em-miradouro","status":"publish","type":"post","link":"https:\/\/diarioregionaldigital.com.br\/?p=89899","title":{"rendered":"Jovens suspeitos de roubo s\u00e3o presos durante opera\u00e7\u00e3o da PC em Miradouro"},"content":{"rendered":"<p>Tr\u00eas jovens, com idades entre 18 e 19 anos, foram presos, e um menor, de 17, apreendido, nesta quinta-feira, 18, na cidade de Miradouro (a cerca de 190 Km de Juiz de Fora). As pris\u00f5es s\u00e3o resultado da Opera\u00e7\u00e3o \u201cAprendiz\u201d, deflagrada pela Pol\u00edcia Civil (PC) daquela cidade contra os suspeitos, que estariam envolvidos em roubo ocorrido na BR-116.<\/p>\n<p>A Opera\u00e7\u00e3o, coordenada pelo delegado respons\u00e1vel pela 34\u00aa DP, Tayrony Esp\u00edndola, foi batizada com o nome \u201cAprendiz\u201d devido \u00e0 pouca idade dos jovens criminosos. Policiais da 4\u00aa Delegacia Regional de Pol\u00edcia Civil (DRPC) tamb\u00e9m participaram da opera\u00e7\u00e3o.<\/p>\n<p>Durante a a\u00e7\u00e3o, um dos suspeitos, de 19 anos, conseguiu fugir, mas durante a tarde se apresentou \u00e0 Delegacia, acompanhado de seu advogado.<\/p>\n<p>Os presos foram levados para o Pres\u00eddio da cidade de Divino, onde ficar\u00e3o \u00e0 disposi\u00e7\u00e3o da Justi\u00e7a.<\/p>\n<p>&nbsp;<\/p>\n<h4>O CRIME<\/h4>\n<p>De acordo com investiga\u00e7\u00f5es da PC, os suspeitos s\u00e3o respons\u00e1veis por roubar, com uso de arma de fogo, um casal que transitava de moto pela BR-116, no dia 23 de dezembro do ano passado. Na ocasi\u00e3o, os criminosos renderam as v\u00edtimas com o ve\u00edculo ainda em movimento quando elas passavam por Miradouro. Os bandidos roubaram a motocicleta, dinheiro e pertences pessoais das v\u00edtimas.<\/p>\n<p>&nbsp;<\/p>\n<p>Da reda\u00e7\u00e3o\/R\u00e1dio Muria\u00e9<\/p>\n","protected":false},"excerpt":{"rendered":"<p>Tr\u00eas jovens, com idades entre 18 e 19 anos, foram presos, e um menor, de 17, apreendido, nesta quinta-feira, 18, na cidade de Miradouro (a cerca de 190 Km de Juiz de Fora). As pris\u00f5es s\u00e3o resultado da Opera\u00e7\u00e3o \u201cAprendiz\u201d, deflagrada pela Pol\u00edcia Civil (PC) daquela cidade contra os suspeitos, que estariam envolvidos em roubo [&hellip;]<\/p>\n","protected":false},"author":96,"featured_media":89898,"comment_status":"closed","ping_status":"closed","sticky":false,"template":"","format":"standard","meta":{"footnotes":""},"categories":[252],"tags":[],"class_list":["post-89899","post","type-post","status-publish","format-standard","has-post-thumbnail","hentry","category-regiao"],"_links":{"self":[{"href":"https:\/\/diarioregionaldigital.com.br\/index.php?rest_route=\/wp\/v2\/posts\/89899","targetHints":{"allow":["GET"]}}],"collection":[{"href":"https:\/\/diarioregionaldigital.com.br\/index.php?rest_route=\/wp\/v2\/posts"}],"about":[{"href":"https:\/\/diarioregionaldigital.com.br\/index.php?rest_route=\/wp\/v2\/types\/post"}],"author":[{"embeddable":true,"href":"https:\/\/diarioregionaldigital.com.br\/index.php?rest_route=\/wp\/v2\/users\/96"}],"replies":[{"embeddable":true,"href":"https:\/\/diarioregionaldigital.com.br\/index.php?rest_route=%2Fwp%2Fv2%2Fcomments&post=89899"}],"version-history":[{"count":0,"href":"https:\/\/diarioregionaldigital.com.br\/index.php?rest_route=\/wp\/v2\/posts\/89899\/revisions"}],"wp:featuredmedia":[{"embeddable":true,"href":"https:\/\/diarioregionaldigital.com.br\/index.php?rest_route=\/wp\/v2\/media\/89898"}],"wp:attachment":[{"href":"https:\/\/diarioregionaldigital.com.br\/index.php?rest_route=%2Fwp%2Fv2%2Fmedia&parent=89899"}],"wp:term":[{"taxonomy":"category","embeddable":true,"href":"https:\/\/diarioregionaldigital.com.br\/index.php?rest_route=%2Fwp%2Fv2%2Fcategories&post=89899"},{"taxonomy":"post_tag","embeddable":true,"href":"https:\/\/diarioregionaldigital.com.br\/index.php?rest_route=%2Fwp%2Fv2%2Ftags&post=89899"}],"curies":[{"name":"wp","href":"https:\/\/api.w.org\/{rel}","templated":true}]}}