{"id":89897,"date":"2018-01-18T19:32:37","date_gmt":"2018-01-18T21:32:37","guid":{"rendered":"http:\/\/diarioregionaljf.com.br\/2018\/01\/18\/homem-e-morto-com-tres-tiros-nas-costas-em-muriae\/"},"modified":"2018-01-18T19:32:37","modified_gmt":"2018-01-18T21:32:37","slug":"homem-e-morto-com-tres-tiros-nas-costas-em-muriae","status":"publish","type":"post","link":"https:\/\/diarioregionaldigital.com.br\/?p=89897","title":{"rendered":"Homem \u00e9 morto com tr\u00eas tiros nas costas em Muria\u00e9"},"content":{"rendered":"<p>Muria\u00e9 (a cerca de 158 Km de JF) registrou, na tarde desta quinta-feira, 18, o primeiro caso de homic\u00eddio de 2018. Um homem de 34 anos foi morto com pelo menos tr\u00eas tiros nas costas, no bairro Cer\u00e2mica. A ocorr\u00eancia est\u00e1 em andamento e ainda n\u00e3o h\u00e1 detalhes de como o crime aconteceu, bem como sobre a autoria do mesmo.<\/p>\n<p>Policiais militares foram acionados e, ao chegar ao local, encontraram a v\u00edtima j\u00e1 sem vida, ca\u00edda no asfalto. O m\u00e9dico de uma unidade do Samu confirmou o \u00f3bito, constatando tr\u00eas ferimentos a bala nas costas do rapaz.<\/p>\n<p>Em seguida, familiares comparecem ao local e reconheceram a v\u00edtima. O homem era morador do bairro.<\/p>\n<p>A PM realiza levantamentos em busca de informa\u00e7\u00f5es sobre a autoria do assassinato. A Pol\u00edcia Civil (PC) periciou a cena do crime e abrir\u00e1 inqu\u00e9rito para apurar o caso.<\/p>\n<p>&nbsp;<\/p>\n<p>Da reda\u00e7\u00e3o\/R\u00e1dio Muria\u00e9<\/p>\n","protected":false},"excerpt":{"rendered":"<p>Muria\u00e9 (a cerca de 158 Km de JF) registrou, na tarde desta quinta-feira, 18, o primeiro caso de homic\u00eddio de 2018. Um homem de 34 anos foi morto com pelo menos tr\u00eas tiros nas costas, no bairro Cer\u00e2mica. A ocorr\u00eancia est\u00e1 em andamento e ainda n\u00e3o h\u00e1 detalhes de como o crime aconteceu, bem como [&hellip;]<\/p>\n","protected":false},"author":96,"featured_media":89896,"comment_status":"closed","ping_status":"closed","sticky":false,"template":"","format":"standard","meta":{"footnotes":""},"categories":[252],"tags":[],"class_list":["post-89897","post","type-post","status-publish","format-standard","has-post-thumbnail","hentry","category-regiao"],"_links":{"self":[{"href":"https:\/\/diarioregionaldigital.com.br\/index.php?rest_route=\/wp\/v2\/posts\/89897","targetHints":{"allow":["GET"]}}],"collection":[{"href":"https:\/\/diarioregionaldigital.com.br\/index.php?rest_route=\/wp\/v2\/posts"}],"about":[{"href":"https:\/\/diarioregionaldigital.com.br\/index.php?rest_route=\/wp\/v2\/types\/post"}],"author":[{"embeddable":true,"href":"https:\/\/diarioregionaldigital.com.br\/index.php?rest_route=\/wp\/v2\/users\/96"}],"replies":[{"embeddable":true,"href":"https:\/\/diarioregionaldigital.com.br\/index.php?rest_route=%2Fwp%2Fv2%2Fcomments&post=89897"}],"version-history":[{"count":0,"href":"https:\/\/diarioregionaldigital.com.br\/index.php?rest_route=\/wp\/v2\/posts\/89897\/revisions"}],"wp:featuredmedia":[{"embeddable":true,"href":"https:\/\/diarioregionaldigital.com.br\/index.php?rest_route=\/wp\/v2\/media\/89896"}],"wp:attachment":[{"href":"https:\/\/diarioregionaldigital.com.br\/index.php?rest_route=%2Fwp%2Fv2%2Fmedia&parent=89897"}],"wp:term":[{"taxonomy":"category","embeddable":true,"href":"https:\/\/diarioregionaldigital.com.br\/index.php?rest_route=%2Fwp%2Fv2%2Fcategories&post=89897"},{"taxonomy":"post_tag","embeddable":true,"href":"https:\/\/diarioregionaldigital.com.br\/index.php?rest_route=%2Fwp%2Fv2%2Ftags&post=89897"}],"curies":[{"name":"wp","href":"https:\/\/api.w.org\/{rel}","templated":true}]}}