{"id":89893,"date":"2018-01-18T19:12:02","date_gmt":"2018-01-18T21:12:02","guid":{"rendered":"http:\/\/diarioregionaljf.com.br\/2018\/01\/18\/dinheiro-publico-recuperado-apos-desvio-pode-fortalecer-saude-e-educacao\/"},"modified":"2018-01-18T19:12:02","modified_gmt":"2018-01-18T21:12:02","slug":"dinheiro-publico-recuperado-apos-desvio-pode-fortalecer-saude-e-educacao","status":"publish","type":"post","link":"https:\/\/diarioregionaldigital.com.br\/?p=89893","title":{"rendered":"Dinheiro p\u00fablico recuperado ap\u00f3s desvio pode fortalecer Sa\u00fade e Educa\u00e7\u00e3o"},"content":{"rendered":"<p>A Comiss\u00e3o de Constitui\u00e7\u00e3o, Justi\u00e7a e Cidadania (CCJ) analisar\u00e1 proposta que destina \u00e0s \u00e1reas da Sa\u00fade e Educa\u00e7\u00e3o os recursos p\u00fablicos que tenham sido desviados e recuperados por meio de a\u00e7\u00e3o judicial. Do senador Waldemir Moka (PMDB-MS), o Projeto de Lei do Senado (PLS) 303\/2013 j\u00e1 foi aprovado pelas comiss\u00f5es de Educa\u00e7\u00e3o, Cultura e Esporte (CE) e de Assuntos Sociais (CAS).<\/p>\n<p>Pelo texto, os recursos recuperados ser\u00e3o destinados, em propor\u00e7\u00f5es iguais, ao Fundo Nacional de Sa\u00fade (FNS) e ao Fundo Nacional de Desenvolvimento da Educa\u00e7\u00e3o (FNDE).<\/p>\n<p>Em sua justificativa, Moka afirma que n\u00e3o \u00e9 novidade que \u201cum dos maiores males da administra\u00e7\u00e3o p\u00fablica brasileira \u00e9 a corrup\u00e7\u00e3o, mais especificamente, o desvio de recursos p\u00fablicos\u201d. Para o senador, os valores desviados dos cofres p\u00fablicos poderiam solucionar problemas de caixa, que dificultam a presta\u00e7\u00e3o, de forma satisfat\u00f3ria, dos servi\u00e7os de educa\u00e7\u00e3o e sa\u00fade.<\/p>\n<p>Com a proposta, ele tenta possibilitar a destina\u00e7\u00e3o dos recursos recuperados para os servi\u00e7os que mais precisam de dinheiro. Chegando ao FNS, o dinheiro seria distribu\u00eddo de acordo com a necessidade de cada ente federativo. J\u00e1 os que forem incorporados, na forma de dota\u00e7\u00e3o or\u00e7ament\u00e1ria, ao FNDE, servir\u00e3o para financiar programas de educa\u00e7\u00e3o tanto da Uni\u00e3o quanto dos demais entes da Federa\u00e7\u00e3o.<\/p>\n<p>Emendas<\/p>\n<p>O PLS foi aprovado na CAS com emendas ao texto. Uma das mudan\u00e7as explicita que os recursos destinados \u00e0 sa\u00fade, por meio do FNS, n\u00e3o poder\u00e3o ser computados para efeito do c\u00e1lculo do montante m\u00ednimo a ser aplicado, anualmente, pela Uni\u00e3o, em a\u00e7\u00f5es e servi\u00e7os p\u00fablicos de sa\u00fade, nos termos da Lei Complementar 141\/2012.<\/p>\n<p>Para o relator da mat\u00e9ria na CCJ, senador Antonio Anastasia (PSDB-MG), a aplica\u00e7\u00e3o de valores que foram desviados dos cofres p\u00fablicos e posteriormente recuperados para arcar com despesas do FNS e do FNDE \u00e9 absolutamente \u201cbenfazeja\u201d.<\/p>\n<p>Anastasia rejeitou, no entanto, altera\u00e7\u00e3o sugerida pela CE para que as a\u00e7\u00f5es realizadas com recursos recuperados fa\u00e7am divulga\u00e7\u00e3o da proced\u00eancia da verba. Para o relator, como os recursos advindos das a\u00e7\u00f5es judiciais destinados ao FNS e FNDE se misturariam com os demais recursos dos fundos, n\u00e3o haveria como, na execu\u00e7\u00e3o de uma despesa, segregar quais dinheiros vieram de recupera\u00e7\u00e3o judicial.<\/p>\n<p>Fonte: Ag\u00eancia Senado<\/p>\n","protected":false},"excerpt":{"rendered":"<p>A Comiss\u00e3o de Constitui\u00e7\u00e3o, Justi\u00e7a e Cidadania (CCJ) analisar\u00e1 proposta que destina \u00e0s \u00e1reas da Sa\u00fade e Educa\u00e7\u00e3o os recursos p\u00fablicos que tenham sido desviados e recuperados por meio de a\u00e7\u00e3o judicial. Do senador Waldemir Moka (PMDB-MS), o Projeto de Lei do Senado (PLS) 303\/2013 j\u00e1 foi aprovado pelas comiss\u00f5es de Educa\u00e7\u00e3o, Cultura e Esporte [&hellip;]<\/p>\n","protected":false},"author":96,"featured_media":89892,"comment_status":"closed","ping_status":"closed","sticky":false,"template":"","format":"standard","meta":{"footnotes":""},"categories":[254],"tags":[],"class_list":["post-89893","post","type-post","status-publish","format-standard","has-post-thumbnail","hentry","category-politica"],"_links":{"self":[{"href":"https:\/\/diarioregionaldigital.com.br\/index.php?rest_route=\/wp\/v2\/posts\/89893","targetHints":{"allow":["GET"]}}],"collection":[{"href":"https:\/\/diarioregionaldigital.com.br\/index.php?rest_route=\/wp\/v2\/posts"}],"about":[{"href":"https:\/\/diarioregionaldigital.com.br\/index.php?rest_route=\/wp\/v2\/types\/post"}],"author":[{"embeddable":true,"href":"https:\/\/diarioregionaldigital.com.br\/index.php?rest_route=\/wp\/v2\/users\/96"}],"replies":[{"embeddable":true,"href":"https:\/\/diarioregionaldigital.com.br\/index.php?rest_route=%2Fwp%2Fv2%2Fcomments&post=89893"}],"version-history":[{"count":0,"href":"https:\/\/diarioregionaldigital.com.br\/index.php?rest_route=\/wp\/v2\/posts\/89893\/revisions"}],"wp:featuredmedia":[{"embeddable":true,"href":"https:\/\/diarioregionaldigital.com.br\/index.php?rest_route=\/wp\/v2\/media\/89892"}],"wp:attachment":[{"href":"https:\/\/diarioregionaldigital.com.br\/index.php?rest_route=%2Fwp%2Fv2%2Fmedia&parent=89893"}],"wp:term":[{"taxonomy":"category","embeddable":true,"href":"https:\/\/diarioregionaldigital.com.br\/index.php?rest_route=%2Fwp%2Fv2%2Fcategories&post=89893"},{"taxonomy":"post_tag","embeddable":true,"href":"https:\/\/diarioregionaldigital.com.br\/index.php?rest_route=%2Fwp%2Fv2%2Ftags&post=89893"}],"curies":[{"name":"wp","href":"https:\/\/api.w.org\/{rel}","templated":true}]}}