{"id":89891,"date":"2018-01-18T19:09:23","date_gmt":"2018-01-18T21:09:23","guid":{"rendered":"http:\/\/diarioregionaljf.com.br\/2018\/01\/18\/suspeito-de-matar-amigo-a-facadas-em-ibirite-e-preso-pela-pc\/"},"modified":"2018-01-18T19:09:23","modified_gmt":"2018-01-18T21:09:23","slug":"suspeito-de-matar-amigo-a-facadas-em-ibirite-e-preso-pela-pc","status":"publish","type":"post","link":"https:\/\/diarioregionaldigital.com.br\/?p=89891","title":{"rendered":"Suspeito de matar amigo a facadas em Ibirit\u00e9 \u00e9 preso pela PC"},"content":{"rendered":"<p>A Pol\u00edcia Civil de Minas Gerais localizou e prendeu, na zona rural de Piedade dos Gerais, um jovem de 19 anos, suspeito de matar um homem de 24 anos. O crime ocorreu em julho do ano passado, no bairro Lajinha, em Ibirit\u00e9, Regi\u00e3o Metropolitana de Belo Horizonte. O homic\u00eddio contou ainda com a participa\u00e7\u00e3o de um adolescente de 16 anos.<\/p>\n<p>Conforme investiga\u00e7\u00f5es coordenadas pela Delegada Alice Batello, a v\u00edtima costumava contratar rapazes do bairro, por uma quantia de R$40, para realiza\u00e7\u00e3o de programas sexuais. Entre esses jovens estava o suspeito, que decidiu n\u00e3o mais aceitar manter rela\u00e7\u00f5es com a v\u00edtima, que, diante da negativa, amea\u00e7ou tornar p\u00fablica a liga\u00e7\u00e3o entre eles. De acordo com levantamentos, o suspeito ent\u00e3o planejou, com ajuda do adolescente, executar o homem.<\/p>\n<p>A Delegada explicou que a v\u00edtima e os suspeitos eram amigos desde crian\u00e7a e costumavam fazer uso de drogas juntos. No dia do crime, o homem foi atra\u00eddo pelos colegas acreditando na promessa de um novo programa sexual. Investiga\u00e7\u00f5es apontam que ele utilizava o espa\u00e7o de uma constru\u00e7\u00e3o abandonada para os encontros. J\u00e1 no local dos fatos, o autor se aproximou da v\u00edtima, sem que ela percebesse, desferindo-lhe um golpe de faca no pesco\u00e7o, seguido de outro dado pelo adolescente. O homem ainda tentou se defender, mas foi atingido por outros golpes.<\/p>\n<p>Durante declara\u00e7\u00f5es, o suspeito confessou o crime, mas negou ter mantido rela\u00e7\u00f5es sexuais com a v\u00edtima, afirmando ser heterossexual. As facas utilizadas no homic\u00eddio foram apreendidas em um matagal. O autor foi indiciado por homic\u00eddio qualificado por motivo f\u00fatil, dissimula\u00e7\u00e3o e recurso que dificultou a defesa da v\u00edtima, al\u00e9m de corrup\u00e7\u00e3o de menor. O procedimento referente \u00e0 participa\u00e7\u00e3o do adolescente no crime ser\u00e1 encaminhado \u00e0 Vara da Inf\u00e2ncia e Juventude.<\/p>\n<p>&nbsp;<\/p>\n<p>Fonte: Assessoria\/PCMG<\/p>\n","protected":false},"excerpt":{"rendered":"<p>A Pol\u00edcia Civil de Minas Gerais localizou e prendeu, na zona rural de Piedade dos Gerais, um jovem de 19 anos, suspeito de matar um homem de 24 anos. O crime ocorreu em julho do ano passado, no bairro Lajinha, em Ibirit\u00e9, Regi\u00e3o Metropolitana de Belo Horizonte. O homic\u00eddio contou ainda com a participa\u00e7\u00e3o de [&hellip;]<\/p>\n","protected":false},"author":96,"featured_media":89890,"comment_status":"closed","ping_status":"closed","sticky":false,"template":"","format":"standard","meta":{"footnotes":""},"categories":[252],"tags":[],"class_list":["post-89891","post","type-post","status-publish","format-standard","has-post-thumbnail","hentry","category-regiao"],"_links":{"self":[{"href":"https:\/\/diarioregionaldigital.com.br\/index.php?rest_route=\/wp\/v2\/posts\/89891","targetHints":{"allow":["GET"]}}],"collection":[{"href":"https:\/\/diarioregionaldigital.com.br\/index.php?rest_route=\/wp\/v2\/posts"}],"about":[{"href":"https:\/\/diarioregionaldigital.com.br\/index.php?rest_route=\/wp\/v2\/types\/post"}],"author":[{"embeddable":true,"href":"https:\/\/diarioregionaldigital.com.br\/index.php?rest_route=\/wp\/v2\/users\/96"}],"replies":[{"embeddable":true,"href":"https:\/\/diarioregionaldigital.com.br\/index.php?rest_route=%2Fwp%2Fv2%2Fcomments&post=89891"}],"version-history":[{"count":0,"href":"https:\/\/diarioregionaldigital.com.br\/index.php?rest_route=\/wp\/v2\/posts\/89891\/revisions"}],"wp:featuredmedia":[{"embeddable":true,"href":"https:\/\/diarioregionaldigital.com.br\/index.php?rest_route=\/wp\/v2\/media\/89890"}],"wp:attachment":[{"href":"https:\/\/diarioregionaldigital.com.br\/index.php?rest_route=%2Fwp%2Fv2%2Fmedia&parent=89891"}],"wp:term":[{"taxonomy":"category","embeddable":true,"href":"https:\/\/diarioregionaldigital.com.br\/index.php?rest_route=%2Fwp%2Fv2%2Fcategories&post=89891"},{"taxonomy":"post_tag","embeddable":true,"href":"https:\/\/diarioregionaldigital.com.br\/index.php?rest_route=%2Fwp%2Fv2%2Ftags&post=89891"}],"curies":[{"name":"wp","href":"https:\/\/api.w.org\/{rel}","templated":true}]}}