{"id":89889,"date":"2018-01-18T19:08:07","date_gmt":"2018-01-18T21:08:07","guid":{"rendered":"http:\/\/diarioregionaljf.com.br\/2018\/01\/18\/fim-do-auxilio-moradia-para-juizes-e-politicos-aguarda-indicacao-de-relator-na-ccj\/"},"modified":"2018-01-18T19:08:07","modified_gmt":"2018-01-18T21:08:07","slug":"fim-do-auxilio-moradia-para-juizes-e-politicos-aguarda-indicacao-de-relator-na-ccj","status":"publish","type":"post","link":"https:\/\/diarioregionaldigital.com.br\/?p=89889","title":{"rendered":"Fim do aux\u00edlio-moradia para ju\u00edzes e pol\u00edticos aguarda indica\u00e7\u00e3o de relator na CCJ"},"content":{"rendered":"<p>A administra\u00e7\u00e3o p\u00fablica pode deixar de pagar aux\u00edlio-moradia para parlamentares, ministros, ju\u00edzes e membros do Minist\u00e9rio P\u00fablico. Esse \u00e9 o objetivo de uma proposta de emenda \u00e0 Constitui\u00e7\u00e3o apresentada pelo senador Randolfe Rodrigues (Rede-AP) no final de 2017. Por ser considerado indenizat\u00f3rio, esse tipo de aux\u00edlio, que pode superar os R$4 mil, n\u00e3o \u00e9 contabilizado no teto de remunera\u00e7\u00e3o do servi\u00e7o p\u00fablico, de R$33,7 mil.<\/p>\n<p>&#8220;Nada mais \u00e9, nos dias atuais, do que uma esp\u00e9cie de fraude e de amplia\u00e7\u00e3o irregular dos gastos p\u00fablicos, bem como de aumento de privil\u00e9gios daqueles agentes p\u00fablicos que j\u00e1 t\u00eam remunera\u00e7\u00e3o muito acima da dos brasileiros comuns&#8221;, afirma Randolfe Rodrigues na justificativa da PEC. Para ele, esse pagamento \u00e9 uma forma de burlar o teto remunerat\u00f3rio.<\/p>\n<p>Randolfe classifica como ainda mais ofensivo \u00e0 sociedade o fato de o aux\u00edlio-moradia para magistrados e integrantes do Minist\u00e9rio P\u00fablico ter sido concedido pelos pr\u00f3prios \u00f3rg\u00e3os as que eles pertencem, sem qualquer delibera\u00e7\u00e3o do Congresso Nacional.<\/p>\n<p>De acordo com a PEC 41\/2017, receber\u00e3o um subs\u00eddio fixado em parcela \u00fanica membros de Poder, detentores de mandato eletivo, ministros e secret\u00e1rios estaduais e municipais. O texto pro\u00edbe o acr\u00e9scimo de qualquer gratifica\u00e7\u00e3o, adicional, abono, pr\u00eamio, verba de representa\u00e7\u00e3o ou outra esp\u00e9cie de remunera\u00e7\u00e3o, inclusive o aux\u00edlio-moradia ou equivalente.<\/p>\n<p>Na justificativa do texto, que aguarda designa\u00e7\u00e3o de relator na Comiss\u00e3o de Constitui\u00e7\u00e3o, Justi\u00e7a e Cidadania (CCJ), Randolfe lembrou que o fim do aux\u00edlio-moradia \u00e9 uma demanda da sociedade. O fim desse pagamento \u00e9 tema de v\u00e1rias ideias legislativas apresentadas por cidad\u00e3os ao Senado, por meio do portal e-Cidadania. As ideias que conseguem 20 mil apoiadores passam a ser analisadas como sugest\u00f5es legislativas pela Comiss\u00e3o de Direitos Humanos e Legisla\u00e7\u00e3o Participativa (CDH).<\/p>\n<p>Uma dessas ideias que sugerem o fim do aux\u00edlio moradia para parlamentares e ju\u00edzes j\u00e1 conquistou mais de 250 mil apoiadores. A meta de 20 mil apoios foi alcan\u00e7ada em menos de 24 horas. Na consulta p\u00fablica do portal, a sugest\u00e3o 30\/2011, resultante dessa ideia, tem mais de 885 mil de votos &#8220;sim&#8221;, contra cerca de 4,4 mil de votos &#8220;n\u00e3o&#8221;.<\/p>\n<p>Fonte: Ag\u00eancia Senado<\/p>\n","protected":false},"excerpt":{"rendered":"<p>A administra\u00e7\u00e3o p\u00fablica pode deixar de pagar aux\u00edlio-moradia para parlamentares, ministros, ju\u00edzes e membros do Minist\u00e9rio P\u00fablico. Esse \u00e9 o objetivo de uma proposta de emenda \u00e0 Constitui\u00e7\u00e3o apresentada pelo senador Randolfe Rodrigues (Rede-AP) no final de 2017. Por ser considerado indenizat\u00f3rio, esse tipo de aux\u00edlio, que pode superar os R$4 mil, n\u00e3o \u00e9 contabilizado [&hellip;]<\/p>\n","protected":false},"author":96,"featured_media":89888,"comment_status":"closed","ping_status":"closed","sticky":false,"template":"","format":"standard","meta":{"footnotes":""},"categories":[254],"tags":[],"class_list":["post-89889","post","type-post","status-publish","format-standard","has-post-thumbnail","hentry","category-politica"],"_links":{"self":[{"href":"https:\/\/diarioregionaldigital.com.br\/index.php?rest_route=\/wp\/v2\/posts\/89889","targetHints":{"allow":["GET"]}}],"collection":[{"href":"https:\/\/diarioregionaldigital.com.br\/index.php?rest_route=\/wp\/v2\/posts"}],"about":[{"href":"https:\/\/diarioregionaldigital.com.br\/index.php?rest_route=\/wp\/v2\/types\/post"}],"author":[{"embeddable":true,"href":"https:\/\/diarioregionaldigital.com.br\/index.php?rest_route=\/wp\/v2\/users\/96"}],"replies":[{"embeddable":true,"href":"https:\/\/diarioregionaldigital.com.br\/index.php?rest_route=%2Fwp%2Fv2%2Fcomments&post=89889"}],"version-history":[{"count":0,"href":"https:\/\/diarioregionaldigital.com.br\/index.php?rest_route=\/wp\/v2\/posts\/89889\/revisions"}],"wp:featuredmedia":[{"embeddable":true,"href":"https:\/\/diarioregionaldigital.com.br\/index.php?rest_route=\/wp\/v2\/media\/89888"}],"wp:attachment":[{"href":"https:\/\/diarioregionaldigital.com.br\/index.php?rest_route=%2Fwp%2Fv2%2Fmedia&parent=89889"}],"wp:term":[{"taxonomy":"category","embeddable":true,"href":"https:\/\/diarioregionaldigital.com.br\/index.php?rest_route=%2Fwp%2Fv2%2Fcategories&post=89889"},{"taxonomy":"post_tag","embeddable":true,"href":"https:\/\/diarioregionaldigital.com.br\/index.php?rest_route=%2Fwp%2Fv2%2Ftags&post=89889"}],"curies":[{"name":"wp","href":"https:\/\/api.w.org\/{rel}","templated":true}]}}