{"id":89887,"date":"2018-01-18T19:03:27","date_gmt":"2018-01-18T21:03:27","guid":{"rendered":"http:\/\/diarioregionaljf.com.br\/2018\/01\/18\/projeto-permite-deducao-do-ir-de-despesas-com-prestacao-gratuita-de-servicos-odontologicos\/"},"modified":"2018-01-18T19:03:27","modified_gmt":"2018-01-18T21:03:27","slug":"projeto-permite-deducao-do-ir-de-despesas-com-prestacao-gratuita-de-servicos-odontologicos","status":"publish","type":"post","link":"https:\/\/diarioregionaldigital.com.br\/?p=89887","title":{"rendered":"Projeto permite dedu\u00e7\u00e3o do IR de despesas com presta\u00e7\u00e3o gratuita de servi\u00e7os odontol\u00f3gicos"},"content":{"rendered":"<p>Tramita na C\u00e2mara dos Deputados proposta (PL 8444\/17) que autoriza a dedu\u00e7\u00e3o, para fins de apura\u00e7\u00e3o do Imposto sobre a Renda das Pessoas F\u00edsicas, de despesas necess\u00e1rias para a presta\u00e7\u00e3o gratuita de servi\u00e7os odontol\u00f3gicos a pessoas carentes. O projeto inclui a possibilidade na legisla\u00e7\u00e3o do Imposto de Renda (Lei 8.134\/90).<\/p>\n<p>\u201cCom a aprova\u00e7\u00e3o da proposta, esperamos que os dentistas brasileiros aumentem o n\u00famero de atendimentos gratuitos oferecidos \u00e0 popula\u00e7\u00e3o carente, visto que os custos associados a esse tipo de servi\u00e7o tender\u00e3o a ser menores\u201d, disse o autor da proposta, deputado Ronaldo Fonseca (Pros-DF).<\/p>\n<p>O parlamentar cita pesquisa do Conselho Federal de Odontologia, realizada em 2014, segundo a qual um em cada cinco brasileiros n\u00e3o vai ao dentista por falta de dinheiro.<\/p>\n<p>&nbsp;<\/p>\n<h4>TRAMITA\u00c7\u00c3O<\/h4>\n<p>A proposta ser\u00e1 analisada, em car\u00e1ter conclusivo, pelas comiss\u00f5es de Finan\u00e7as e Tributa\u00e7\u00e3o; e de Constitui\u00e7\u00e3o e Justi\u00e7a e de Cidadania.<\/p>\n<p>Fonte: Ag\u00eancia C\u00e2mara Not\u00edcias<\/p>\n","protected":false},"excerpt":{"rendered":"<p>Tramita na C\u00e2mara dos Deputados proposta (PL 8444\/17) que autoriza a dedu\u00e7\u00e3o, para fins de apura\u00e7\u00e3o do Imposto sobre a Renda das Pessoas F\u00edsicas, de despesas necess\u00e1rias para a presta\u00e7\u00e3o gratuita de servi\u00e7os odontol\u00f3gicos a pessoas carentes. O projeto inclui a possibilidade na legisla\u00e7\u00e3o do Imposto de Renda (Lei 8.134\/90). \u201cCom a aprova\u00e7\u00e3o da proposta, [&hellip;]<\/p>\n","protected":false},"author":96,"featured_media":89886,"comment_status":"closed","ping_status":"closed","sticky":false,"template":"","format":"standard","meta":{"footnotes":""},"categories":[254],"tags":[],"class_list":["post-89887","post","type-post","status-publish","format-standard","has-post-thumbnail","hentry","category-politica"],"_links":{"self":[{"href":"https:\/\/diarioregionaldigital.com.br\/index.php?rest_route=\/wp\/v2\/posts\/89887","targetHints":{"allow":["GET"]}}],"collection":[{"href":"https:\/\/diarioregionaldigital.com.br\/index.php?rest_route=\/wp\/v2\/posts"}],"about":[{"href":"https:\/\/diarioregionaldigital.com.br\/index.php?rest_route=\/wp\/v2\/types\/post"}],"author":[{"embeddable":true,"href":"https:\/\/diarioregionaldigital.com.br\/index.php?rest_route=\/wp\/v2\/users\/96"}],"replies":[{"embeddable":true,"href":"https:\/\/diarioregionaldigital.com.br\/index.php?rest_route=%2Fwp%2Fv2%2Fcomments&post=89887"}],"version-history":[{"count":0,"href":"https:\/\/diarioregionaldigital.com.br\/index.php?rest_route=\/wp\/v2\/posts\/89887\/revisions"}],"wp:featuredmedia":[{"embeddable":true,"href":"https:\/\/diarioregionaldigital.com.br\/index.php?rest_route=\/wp\/v2\/media\/89886"}],"wp:attachment":[{"href":"https:\/\/diarioregionaldigital.com.br\/index.php?rest_route=%2Fwp%2Fv2%2Fmedia&parent=89887"}],"wp:term":[{"taxonomy":"category","embeddable":true,"href":"https:\/\/diarioregionaldigital.com.br\/index.php?rest_route=%2Fwp%2Fv2%2Fcategories&post=89887"},{"taxonomy":"post_tag","embeddable":true,"href":"https:\/\/diarioregionaldigital.com.br\/index.php?rest_route=%2Fwp%2Fv2%2Ftags&post=89887"}],"curies":[{"name":"wp","href":"https:\/\/api.w.org\/{rel}","templated":true}]}}