{"id":89883,"date":"2018-01-18T18:52:26","date_gmt":"2018-01-18T20:52:26","guid":{"rendered":"http:\/\/diarioregionaljf.com.br\/2018\/01\/18\/defesa-de-temer-entrega-ao-stf-respostas-a-questionamentos-da-pf\/"},"modified":"2018-01-18T18:52:26","modified_gmt":"2018-01-18T20:52:26","slug":"defesa-de-temer-entrega-ao-stf-respostas-a-questionamentos-da-pf","status":"publish","type":"post","link":"https:\/\/diarioregionaldigital.com.br\/?p=89883","title":{"rendered":"Defesa de Temer entrega ao STF respostas a questionamentos da PF"},"content":{"rendered":"<p>A defesa do presidente Michel Temer enviou nessa quinta-feira, 18, ao Supremo Tribunal Federal (STF) as respostas por escrito \u00e0s perguntas feitas pela Pol\u00edcia Federal (PF) no inqu\u00e9rito aberto pela Corte para investigar o suposto favorecimento da empresa Rodrimar S\/A por meio da edi\u00e7\u00e3o do chamado Decreto dos Portos (Decreto 9.048\/2017). O interrogat\u00f3rio foi solicitado pelos delegados respons\u00e1veis pelo caso e autorizado pelo ministro Luis Roberto Barroso, relator da investiga\u00e7\u00e3o. A \u00edntegra do documento ainda n\u00e3o foi divulgada.<\/p>\n<p>Al\u00e9m de Temer, s\u00e3o investigados no mesmo inqu\u00e9rito o ex-deputado Rodrigo Rocha Loures e os empres\u00e1rios Ant\u00f4nio Celso Grecco e Ricardo Mesquita, donos da Rodrimar, empresa que atua no Porto de Santos.<\/p>\n<p>No documento, Temer respondeu as 50 peguntas relacionadas ao inqu\u00e9rito. Aos delegados, o presidente disse que nunca foi procurado por empres\u00e1rios do setor portu\u00e1rio para tratar da edi\u00e7\u00e3o do decreto. Sobre o ex-deputado Rocha Loures, um dos investigados no inqu\u00e9rito, Temer declarou que nunca o autorizou a fazer tratativas em seu nome. &#8220;Pe\u00e7o v\u00eania para real\u00e7ar a impertin\u00eancia de tal quest\u00e3o, por colocar em d\u00favida a minha honorabilidade e dignidade pessoal&#8221;, escreveu.<\/p>\n<p>Ap\u00f3s a abertura do inqu\u00e9rito, em setembro do ano passado, a Rodrimar S\/A declarou que nunca recebeu qualquer privil\u00e9gio do Poder P\u00fablico e que o Decreto dos Portos atendeu a uma reivindica\u00e7\u00e3o de todo o setor de terminais portu\u00e1rios do pa\u00eds.<\/p>\n<p>\u201cRessalte-se que n\u00e3o foi uma reivindica\u00e7\u00e3o da Rodrimar, mas de todo o setor. Os pleitos, no entanto, n\u00e3o foram totalmente contemplados no decreto, que abriu a possibilidade de regularizar a situa\u00e7\u00e3o de cerca de uma centena de concess\u00f5es em todo o pa\u00eds\u201d.<\/p>\n<p>Desde a abertura do inqu\u00e9rito, o Pal\u00e1cio do Planalto afirma que o Decreto dos Portos foi assinado ap\u00f3s \u201clongo processo de negocia\u00e7\u00e3o&#8221; entre o governo e o setor portu\u00e1rio e informou que o presidente ir\u00e1 prestar todos os esclarecimentos necess\u00e1rios.<\/p>\n<p>Fonte: Ag\u00eancia Brasil<\/p>\n","protected":false},"excerpt":{"rendered":"<p>A defesa do presidente Michel Temer enviou nessa quinta-feira, 18, ao Supremo Tribunal Federal (STF) as respostas por escrito \u00e0s perguntas feitas pela Pol\u00edcia Federal (PF) no inqu\u00e9rito aberto pela Corte para investigar o suposto favorecimento da empresa Rodrimar S\/A por meio da edi\u00e7\u00e3o do chamado Decreto dos Portos (Decreto 9.048\/2017). O interrogat\u00f3rio foi solicitado [&hellip;]<\/p>\n","protected":false},"author":96,"featured_media":89882,"comment_status":"closed","ping_status":"closed","sticky":false,"template":"","format":"standard","meta":{"footnotes":""},"categories":[254],"tags":[],"class_list":["post-89883","post","type-post","status-publish","format-standard","has-post-thumbnail","hentry","category-politica"],"_links":{"self":[{"href":"https:\/\/diarioregionaldigital.com.br\/index.php?rest_route=\/wp\/v2\/posts\/89883","targetHints":{"allow":["GET"]}}],"collection":[{"href":"https:\/\/diarioregionaldigital.com.br\/index.php?rest_route=\/wp\/v2\/posts"}],"about":[{"href":"https:\/\/diarioregionaldigital.com.br\/index.php?rest_route=\/wp\/v2\/types\/post"}],"author":[{"embeddable":true,"href":"https:\/\/diarioregionaldigital.com.br\/index.php?rest_route=\/wp\/v2\/users\/96"}],"replies":[{"embeddable":true,"href":"https:\/\/diarioregionaldigital.com.br\/index.php?rest_route=%2Fwp%2Fv2%2Fcomments&post=89883"}],"version-history":[{"count":0,"href":"https:\/\/diarioregionaldigital.com.br\/index.php?rest_route=\/wp\/v2\/posts\/89883\/revisions"}],"wp:featuredmedia":[{"embeddable":true,"href":"https:\/\/diarioregionaldigital.com.br\/index.php?rest_route=\/wp\/v2\/media\/89882"}],"wp:attachment":[{"href":"https:\/\/diarioregionaldigital.com.br\/index.php?rest_route=%2Fwp%2Fv2%2Fmedia&parent=89883"}],"wp:term":[{"taxonomy":"category","embeddable":true,"href":"https:\/\/diarioregionaldigital.com.br\/index.php?rest_route=%2Fwp%2Fv2%2Fcategories&post=89883"},{"taxonomy":"post_tag","embeddable":true,"href":"https:\/\/diarioregionaldigital.com.br\/index.php?rest_route=%2Fwp%2Fv2%2Ftags&post=89883"}],"curies":[{"name":"wp","href":"https:\/\/api.w.org\/{rel}","templated":true}]}}