{"id":89833,"date":"2018-01-17T23:53:15","date_gmt":"2018-01-18T01:53:15","guid":{"rendered":"http:\/\/diarioregionaljf.com.br\/2018\/01\/17\/caixa-substituira-temporariamente-vice-presidentes-afastados\/"},"modified":"2018-01-17T23:53:15","modified_gmt":"2018-01-18T01:53:15","slug":"caixa-substituira-temporariamente-vice-presidentes-afastados","status":"publish","type":"post","link":"https:\/\/diarioregionaldigital.com.br\/?p=89833","title":{"rendered":"Caixa substituir\u00e1 temporariamente vice-presidentes afastados"},"content":{"rendered":"<p>O presidente da Caixa Econ\u00f4mica Federal, Gilberto Occhi, anunciou em nota, que deve assinar ainda hoje, 17, portaria com os nomes dos indicados para ocupar temporariamente as vagas dos quatro vice-presidentes do banco afastados ter\u00e7a-feira, 16, pelo presidente Michel Temer. Os afastados s\u00e3o alvo de investiga\u00e7\u00e3o por suspeitas de corrup\u00e7\u00e3o na institui\u00e7\u00e3o. A nomea\u00e7\u00e3o tem validade inicial de 30 dias.<\/p>\n<p>Luiz Gustavo Silva Portela, diretor de Banco Corporativo, ocupar\u00e1 o posto de vice-presidente de Corporativo, substituindo Ant\u00f4nio Carlos Ferreira; Valter Gon\u00e7alves Nunes, diretor de Fundos de Governo, entra na Vice-Presid\u00eancia de Fundos de Governo e Loterias no lugar de Deusdina Pereira.<\/p>\n<p>O diretor de Clientes e Canais, Ademir Losekan, ser\u00e1 designado para a Vice-Presid\u00eancia de Clientes, Neg\u00f3cios e Transforma\u00e7\u00e3o Digital, na vaga de Jos\u00e9 Henrique Marques da Cruz. Roberto Barros Barreto, respons\u00e1vel pela dire\u00e7\u00e3o de Servi\u00e7os de Governo, ocupar\u00e1 a Vice-Presid\u00eancia de Governo com a sa\u00edda de Roberto de Sant Anna.<\/p>\n<p>Os oito vice-presidentes n\u00e3o afastados passar\u00e3o por uma avalia\u00e7\u00e3o t\u00e9cnica conforme o estatuto da institui\u00e7\u00e3o. O an\u00fancio foi feito pelo ministro da Fazenda, Henrique Meirelles, hoje, 17. O ministro tamb\u00e9m informou que a decis\u00e3o sobre a exonera\u00e7\u00e3o ou recondu\u00e7\u00e3o dos vice-presidentes afastados \u00e9 do Conselho de Administra\u00e7\u00e3o da empresa.<\/p>\n<h4>Investiga\u00e7\u00f5es<\/h4>\n<p>As suspeitas de corrup\u00e7\u00e3o na Caixa motivaram investiga\u00e7\u00f5es do Minist\u00e9rio P\u00fablico Federal (MPF), do Banco Central (BC) e da Pol\u00edcia Federal (PF). O MP havia recomendado a Temer a exonera\u00e7\u00e3o de todos os 12 vice-presidentes. Inicialmente, o Pal\u00e1cio do Planalto rejeitou a medida. Depois da cobran\u00e7a de procuradores, decidiu pelo afastamento de quatro vice-presidentes alegando que apenas estes estavam na mira das investiga\u00e7\u00f5es.<\/p>\n<hr \/>\n<p>&nbsp;Fonte: Ag\u00eancia Brasil<\/p>\n","protected":false},"excerpt":{"rendered":"<p>O presidente da Caixa Econ\u00f4mica Federal, Gilberto Occhi, anunciou em nota, que deve assinar ainda hoje, 17, portaria com os nomes dos indicados para ocupar temporariamente as vagas dos quatro vice-presidentes do banco afastados ter\u00e7a-feira, 16, pelo presidente Michel Temer. Os afastados s\u00e3o alvo de investiga\u00e7\u00e3o por suspeitas de corrup\u00e7\u00e3o na institui\u00e7\u00e3o. A nomea\u00e7\u00e3o tem [&hellip;]<\/p>\n","protected":false},"author":96,"featured_media":89832,"comment_status":"closed","ping_status":"closed","sticky":false,"template":"","format":"standard","meta":{"footnotes":""},"categories":[261],"tags":[],"class_list":["post-89833","post","type-post","status-publish","format-standard","has-post-thumbnail","hentry","category-economia"],"_links":{"self":[{"href":"https:\/\/diarioregionaldigital.com.br\/index.php?rest_route=\/wp\/v2\/posts\/89833","targetHints":{"allow":["GET"]}}],"collection":[{"href":"https:\/\/diarioregionaldigital.com.br\/index.php?rest_route=\/wp\/v2\/posts"}],"about":[{"href":"https:\/\/diarioregionaldigital.com.br\/index.php?rest_route=\/wp\/v2\/types\/post"}],"author":[{"embeddable":true,"href":"https:\/\/diarioregionaldigital.com.br\/index.php?rest_route=\/wp\/v2\/users\/96"}],"replies":[{"embeddable":true,"href":"https:\/\/diarioregionaldigital.com.br\/index.php?rest_route=%2Fwp%2Fv2%2Fcomments&post=89833"}],"version-history":[{"count":0,"href":"https:\/\/diarioregionaldigital.com.br\/index.php?rest_route=\/wp\/v2\/posts\/89833\/revisions"}],"wp:featuredmedia":[{"embeddable":true,"href":"https:\/\/diarioregionaldigital.com.br\/index.php?rest_route=\/wp\/v2\/media\/89832"}],"wp:attachment":[{"href":"https:\/\/diarioregionaldigital.com.br\/index.php?rest_route=%2Fwp%2Fv2%2Fmedia&parent=89833"}],"wp:term":[{"taxonomy":"category","embeddable":true,"href":"https:\/\/diarioregionaldigital.com.br\/index.php?rest_route=%2Fwp%2Fv2%2Fcategories&post=89833"},{"taxonomy":"post_tag","embeddable":true,"href":"https:\/\/diarioregionaldigital.com.br\/index.php?rest_route=%2Fwp%2Fv2%2Ftags&post=89833"}],"curies":[{"name":"wp","href":"https:\/\/api.w.org\/{rel}","templated":true}]}}