{"id":89831,"date":"2018-01-17T23:51:36","date_gmt":"2018-01-18T01:51:36","guid":{"rendered":"http:\/\/diarioregionaljf.com.br\/2018\/01\/17\/governo-deposita-nesta-quinta-feira-o-antepenultimo-lote-do-abono-salarial-de-2016\/"},"modified":"2018-01-17T23:51:36","modified_gmt":"2018-01-18T01:51:36","slug":"governo-deposita-nesta-quinta-feira-o-antepenultimo-lote-do-abono-salarial-de-2016","status":"publish","type":"post","link":"https:\/\/diarioregionaldigital.com.br\/?p=89831","title":{"rendered":"Governo deposita nesta quinta-feira o antepen\u00faltimo lote do Abono Salarial de 2016"},"content":{"rendered":"<p>O governo federal deposita amanh\u00e3, 18, o antepen\u00faltimo lote do Abono Salarial de 2016, pago a trabalhadores que receberam remunera\u00e7\u00e3o m\u00e9dia ao longo do ano de at\u00e9 dois sal\u00e1rios-m\u00ednimos. A lista de libera\u00e7\u00e3o ser\u00e1 ampliada gradativamente at\u00e9 mar\u00e7o, mas os cidad\u00e3os que j\u00e1 t\u00eam direito precisam ficar atentos ao prazo final para resgate: 29 de junho deste ano.<\/p>\n<p>Cerca de 13 milh\u00f5es de trabalhadores j\u00e1 est\u00e3o aptos a sacar os valores, que chegam a R$9,84 bilh\u00f5es. Nesta quinta-feira, 18, ser\u00e1 liberado o s\u00e9timo lote do benef\u00edcio, para os nascidos nos meses de janeiro e fevereiro. De acordo com o Minist\u00e9rio do Trabalho, as regi\u00f5es que concentram o maior volume de recursos a serem retirados s\u00e3o Sudeste e Nordeste, respectivamente nos estados de S\u00e3o Paulo e Bahia.<\/p>\n<p>Os dois \u00faltimos lotes do benef\u00edcio ser\u00e3o liberados nos dias 22 de fevereiro e 15 de mar\u00e7o. Independentemente do prazo inicial, a data limite para o saque vai at\u00e9 o fim do primeiro semestre deste ano, em 29 de junho. Caso contr\u00e1rio, os valores retornar\u00e3o para a conta do Fundo de Amparo ao Trabalhador.<\/p>\n<p>O Abono Salarial \u00e9 pago a quem j\u00e1 estava inscrito h\u00e1 pelo menos cinco anos no PIS\/Pasep em 2016. A depender do tempo em que o trabalhador esteve formalmente vinculado a um emprego, o valor do benef\u00edcio vai de R$80 a R$954, desde que ele tenha ganhado no m\u00e1ximo dois sal\u00e1rios-m\u00ednimos por m\u00eas.<\/p>\n<p>&nbsp;<\/p>\n<hr \/>\n<p>&nbsp;Fonte: Ag\u00eancia Brasil<\/p>\n","protected":false},"excerpt":{"rendered":"<p>O governo federal deposita amanh\u00e3, 18, o antepen\u00faltimo lote do Abono Salarial de 2016, pago a trabalhadores que receberam remunera\u00e7\u00e3o m\u00e9dia ao longo do ano de at\u00e9 dois sal\u00e1rios-m\u00ednimos. A lista de libera\u00e7\u00e3o ser\u00e1 ampliada gradativamente at\u00e9 mar\u00e7o, mas os cidad\u00e3os que j\u00e1 t\u00eam direito precisam ficar atentos ao prazo final para resgate: 29 de [&hellip;]<\/p>\n","protected":false},"author":96,"featured_media":89830,"comment_status":"closed","ping_status":"closed","sticky":false,"template":"","format":"standard","meta":{"footnotes":""},"categories":[261],"tags":[],"class_list":["post-89831","post","type-post","status-publish","format-standard","has-post-thumbnail","hentry","category-economia"],"_links":{"self":[{"href":"https:\/\/diarioregionaldigital.com.br\/index.php?rest_route=\/wp\/v2\/posts\/89831","targetHints":{"allow":["GET"]}}],"collection":[{"href":"https:\/\/diarioregionaldigital.com.br\/index.php?rest_route=\/wp\/v2\/posts"}],"about":[{"href":"https:\/\/diarioregionaldigital.com.br\/index.php?rest_route=\/wp\/v2\/types\/post"}],"author":[{"embeddable":true,"href":"https:\/\/diarioregionaldigital.com.br\/index.php?rest_route=\/wp\/v2\/users\/96"}],"replies":[{"embeddable":true,"href":"https:\/\/diarioregionaldigital.com.br\/index.php?rest_route=%2Fwp%2Fv2%2Fcomments&post=89831"}],"version-history":[{"count":0,"href":"https:\/\/diarioregionaldigital.com.br\/index.php?rest_route=\/wp\/v2\/posts\/89831\/revisions"}],"wp:featuredmedia":[{"embeddable":true,"href":"https:\/\/diarioregionaldigital.com.br\/index.php?rest_route=\/wp\/v2\/media\/89830"}],"wp:attachment":[{"href":"https:\/\/diarioregionaldigital.com.br\/index.php?rest_route=%2Fwp%2Fv2%2Fmedia&parent=89831"}],"wp:term":[{"taxonomy":"category","embeddable":true,"href":"https:\/\/diarioregionaldigital.com.br\/index.php?rest_route=%2Fwp%2Fv2%2Fcategories&post=89831"},{"taxonomy":"post_tag","embeddable":true,"href":"https:\/\/diarioregionaldigital.com.br\/index.php?rest_route=%2Fwp%2Fv2%2Ftags&post=89831"}],"curies":[{"name":"wp","href":"https:\/\/api.w.org\/{rel}","templated":true}]}}