{"id":89829,"date":"2018-01-17T21:47:43","date_gmt":"2018-01-17T23:47:43","guid":{"rendered":"http:\/\/diarioregionaljf.com.br\/2018\/01\/17\/procura-por-vacina-da-febre-amarela-registra-aumento-de-70-na-regiao-central\/"},"modified":"2018-01-17T21:47:43","modified_gmt":"2018-01-17T23:47:43","slug":"procura-por-vacina-da-febre-amarela-registra-aumento-de-70-na-regiao-central","status":"publish","type":"post","link":"https:\/\/diarioregionaldigital.com.br\/?p=89829","title":{"rendered":"Procura por vacina da febre amarela registra aumento de 70% na regi\u00e3o central"},"content":{"rendered":"<p>Assustados com a divulga\u00e7\u00e3o da morte de mais primatas infectados pelo v\u00edrus da febre amarela, desde o in\u00edcio da semana centenas de pessoas t\u00eam se deslocado at\u00e9 os postos de vacina\u00e7\u00e3o.<\/p>\n<p>Nos \u00faltimos dias, a Prefeitura de Juiz de Fora (PJF) registrou aumento de 70% na procura pela vacina na regi\u00e3o central. Na ter\u00e7a-feira,16, a reportagem do Di\u00e1rio Regional compareceu em algumas unidades de maior movimento e foi poss\u00edvel perceber que a fila nos locais tinha espera de v\u00e1rias horas. Justamente a demora no atendimento e a desorganiza\u00e7\u00e3o foram os fatores que mais revoltaram parte da popula\u00e7\u00e3o que n\u00e3o conseguiu se vacinar. Ainda na ter\u00e7a-feira, uma usu\u00e1ria de 38 anos, que preferiu n\u00e3o se identificar, acompanhada do filho de 15 anos, esperou por tr\u00eas horas na fila do PAM Marechal at\u00e9 receber a not\u00edcia de que ambos n\u00e3o seriam vacinados.<\/p>\n<p>\u201cCheguei por volta das 14h30 e a fila j\u00e1 fazia volta no segundo andar do pr\u00e9dio. Quando eram 15h55, uma pessoa afirmou que distribuiria mais 40 senhas e disse que quem estivesse sem senha n\u00e3o seria atendido. O maior problema \u00e9 que em nenhum lugar fomos avisados que a vacina\u00e7\u00e3o seria mediante a senha. Afinal, o atendimento est\u00e1 previsto para at\u00e9 as 17h\u201d, contou ela, indignada.<\/p>\n<p>Ela revela que o atendimento foi ainda mais prejudicado por conta da falta de efetivo na unidade. \u201cS\u00f3 tinha uma enfermeira aplicando as vacinas. Como que um local, que \u00e9 refer\u00eancia em exames de sangue, vacina\u00e7\u00e3o e outros atendimentos, que possui grande equipe, e sabia que a demanda seria grande, n\u00e3o se organizou?\u201d, questionou. \u201cTiveram pessoas que faltaram no trabalho, tinha crian\u00e7as, idosos e pessoas com defici\u00eancia na fila\u201d, completou.<\/p>\n<p>Ap\u00f3s as tentativas frustradas, nessa quarta-feira, 17, a usu\u00e1ria se dirigiu at\u00e9 a Unidade B\u00e1sica de Sa\u00fade (UBS) Santa Luzia, no bairro hom\u00f4nimo, zona Sul, onde o filho conseguiu se vacinar. \u201cO atendimento foi muito r\u00e1pido e bem prestado. Chegamos l\u00e1 e n\u00e3o tinha fila nenhuma\u201d, afirma ela, que pretende se vacinar nesta quinta-feira, 17. \u201cVou voltar naquela unidade\u201d, diz.<\/p>\n<p>&nbsp;<\/p>\n<h4>PREFEITURA AFIRMA TER OTIMIZADO ATENDIEMNTO NO PAM-MARECHAL<\/h4>\n<p>Em nota, a assessoria da Secretaria de Sa\u00fade (SS) da PJF informou que a equipe de atendimento do PAM Marechal foi refor\u00e7ada nessa quarta-feira, e que o atendimento na unidade ser\u00e1 organizado no primeiro piso do pr\u00e9dio, a partir desta quinta-feira, visando facilitar o acesso dos usu\u00e1rios. A SS tamb\u00e9m garante que tem remanejado os profissionais, para refor\u00e7ar as equipes nos locais de maior procura, com objetivo de dar mais conforto aos usu\u00e1rios e agilidade \u00e0s filas.<\/p>\n<p>A pasta tamb\u00e9m esclareceu que n\u00e3o h\u00e1 falta de vacina e que todos ser\u00e3o atendidos. No caso do PAM Marechal, o hor\u00e1rio de distribui\u00e7\u00e3o das doses \u00e9 at\u00e9 as 16h30 e, para organizar a vacina\u00e7\u00e3o quando h\u00e1 grande procura, como foi o caso da ter\u00e7a-feira, os profissionais s\u00e3o orientados a distribuir fichas por volta das 15h30 at\u00e9 as 16h, calculando o atendimento poss\u00edvel, e evitando que as pessoas fiquem na fila e n\u00e3o sejam atendidas. Os usu\u00e1rios que comparecem no fim do atendimento e n\u00e3o conseguem as fichas s\u00e3o orientados a voltar no dia seguinte.<\/p>\n<p>A SS aproveitou para refor\u00e7ar para que a popula\u00e7\u00e3o \u201cn\u00e3o deixe para procurar os postos de vacina\u00e7\u00e3o pr\u00f3ximo ao hor\u00e1rio de encerramento das atividades. Isto porque a prepara\u00e7\u00e3o e o armazenamento das doses requerem cuidados especiais e os profissionais precisam de tempo antes e depois do hor\u00e1rio de atendimento ao p\u00fablico para garantir a qualidade das vacinas e tamb\u00e9m o melhor atendimento \u00e0 popula\u00e7\u00e3o\u201d.<\/p>\n","protected":false},"excerpt":{"rendered":"<p>Assustados com a divulga\u00e7\u00e3o da morte de mais primatas infectados pelo v\u00edrus da febre amarela, desde o in\u00edcio da semana centenas de pessoas t\u00eam se deslocado at\u00e9 os postos de vacina\u00e7\u00e3o. Nos \u00faltimos dias, a Prefeitura de Juiz de Fora (PJF) registrou aumento de 70% na procura pela vacina na regi\u00e3o central. Na ter\u00e7a-feira,16, a [&hellip;]<\/p>\n","protected":false},"author":96,"featured_media":0,"comment_status":"closed","ping_status":"closed","sticky":false,"template":"","format":"standard","meta":{"footnotes":""},"categories":[253],"tags":[],"class_list":["post-89829","post","type-post","status-publish","format-standard","hentry","category-cidade"],"_links":{"self":[{"href":"https:\/\/diarioregionaldigital.com.br\/index.php?rest_route=\/wp\/v2\/posts\/89829","targetHints":{"allow":["GET"]}}],"collection":[{"href":"https:\/\/diarioregionaldigital.com.br\/index.php?rest_route=\/wp\/v2\/posts"}],"about":[{"href":"https:\/\/diarioregionaldigital.com.br\/index.php?rest_route=\/wp\/v2\/types\/post"}],"author":[{"embeddable":true,"href":"https:\/\/diarioregionaldigital.com.br\/index.php?rest_route=\/wp\/v2\/users\/96"}],"replies":[{"embeddable":true,"href":"https:\/\/diarioregionaldigital.com.br\/index.php?rest_route=%2Fwp%2Fv2%2Fcomments&post=89829"}],"version-history":[{"count":0,"href":"https:\/\/diarioregionaldigital.com.br\/index.php?rest_route=\/wp\/v2\/posts\/89829\/revisions"}],"wp:attachment":[{"href":"https:\/\/diarioregionaldigital.com.br\/index.php?rest_route=%2Fwp%2Fv2%2Fmedia&parent=89829"}],"wp:term":[{"taxonomy":"category","embeddable":true,"href":"https:\/\/diarioregionaldigital.com.br\/index.php?rest_route=%2Fwp%2Fv2%2Fcategories&post=89829"},{"taxonomy":"post_tag","embeddable":true,"href":"https:\/\/diarioregionaldigital.com.br\/index.php?rest_route=%2Fwp%2Fv2%2Ftags&post=89829"}],"curies":[{"name":"wp","href":"https:\/\/api.w.org\/{rel}","templated":true}]}}