{"id":89828,"date":"2018-01-17T21:45:33","date_gmt":"2018-01-17T23:45:33","guid":{"rendered":"http:\/\/diarioregionaljf.com.br\/2018\/01\/17\/janeiro-branco-reforca-importancia-dos-cuidados-mentais\/"},"modified":"2018-01-17T21:45:33","modified_gmt":"2018-01-17T23:45:33","slug":"janeiro-branco-reforca-importancia-dos-cuidados-mentais","status":"publish","type":"post","link":"https:\/\/diarioregionaldigital.com.br\/?p=89828","title":{"rendered":"\u201cJaneiro Branco\u201d refor\u00e7a import\u00e2ncia dos cuidados mentais"},"content":{"rendered":"<p>O aumento nos casos de depress\u00e3o, ansiedade e outros dist\u00farbios mentais que tem levado cada vez mais pessoas a cometerem suic\u00eddio no pa\u00eds, chamaram a aten\u00e7\u00e3o das autoridades de sa\u00fade que, em 2014, criaram a campanha \u201cJaneiro Branco\u201d, que visa conscientizar a popula\u00e7\u00e3o sobre a import\u00e2ncia de cuidar da sa\u00fade mental. Inclu\u00edda recentemente no Calend\u00e1rio Oficial do Munic\u00edpio, por meio da Lei 13.517 de 2017 de autoria do vereador Adriano Miranda (PHS), neste ano, a primeira edi\u00e7\u00e3o do movimento em Juiz de Fora ser\u00e1 repleta de a\u00e7\u00f5es alusivas \u00e0 causa.<\/p>\n<p>Com o tema \u201cQuem cuida da mente, cuida da vida\u201d, ser\u00e3o realizadas palestras, debates e discuss\u00f5es sobre a forma com que s\u00e3o encaradas essas doen\u00e7as pela popula\u00e7\u00e3o e as maneiras de tratamento e preven\u00e7\u00e3o. Segundo a gerente do Departamento de Sa\u00fade Mental (Dsme) da Secretaria de Sa\u00fade (SS), Andr\u00e9ia Stenner, a campanha possibilita uma discuss\u00e3o mais ampla sobre o assunto. \u201c\u00c9 um momento que nos faz refletir sobre a vida. Sobre adotar uma rotina mais regrada, alternativas de lazer, diminuir os fatores de estresse e as maneiras de enfrentar a vulnerabilidade. \u00c9 importante apresentar essa perspectiva, n\u00e3o s\u00f3 no sentido de pensar na quest\u00e3o do tratamento da sa\u00fade mental, mas pensar sobre os fatores protetivos que ir\u00e3o cuidar da mente de maneira mais ampla\u201d, afirma.<\/p>\n<p>Para o vereador Adriano Miranda, as atividades refor\u00e7am a necessidade de melhorar o atendimento que \u00e9 oferecido para os portadores da doen\u00e7a. \u201cAs pessoas que sofrem com transtornos mentais encontram uma barreira muito grande. Em alguns casos, elas desconhecem a doen\u00e7a, o que faz com que elas n\u00e3o busquem aux\u00edlio. O Janeiro Branco vem com esse vi\u00e9s, conscientizar e falar para a popula\u00e7\u00e3o sobre as doen\u00e7as. Evidentemente, que ele tamb\u00e9m evidencia que \u00e9 preciso melhorar o atendimento na rede de sa\u00fade, que, nesta \u00e1rea, ainda \u00e9 carente. Na medida em que as pessoas descobrem os problemas, automaticamente elas procuram ajuda e cobram do poder p\u00fablico melhorias\u201d, diz.<\/p>\n<p>A\u00c7\u00c3O DA PREFEITURA<\/p>\n<p>A Secretaria de Sa\u00fade est\u00e1 com as inscri\u00e7\u00f5es abertas para a mesa-redonda \u201cSa\u00fade Mental e Aten\u00e7\u00e3o Psicossocial: tecendo redes de cuidados e direitos\u201d, at\u00e9 o pr\u00f3ximo dia 25. A atividade, que faz parte do Janeiro Branco, ser\u00e1 realizada no dia 26, das 9 \u00e0s 11 horas, no Audit\u00f3rio do Centro de Vigil\u00e2ncia em Sa\u00fade (Avenida dos Andradas, 523, Morro da Gl\u00f3ria). O evento \u00e9 direcionado para os servidores dos Centros de Aten\u00e7\u00e3o Psicossocial (Caps) e p\u00fablico externo. As inscri\u00e7\u00f5es s\u00e3o gratuitas e podem ser realizadas atrav\u00e9s do e-mail dsme@pjf.mg.gov.br.<\/p>\n","protected":false},"excerpt":{"rendered":"<p>O aumento nos casos de depress\u00e3o, ansiedade e outros dist\u00farbios mentais que tem levado cada vez mais pessoas a cometerem suic\u00eddio no pa\u00eds, chamaram a aten\u00e7\u00e3o das autoridades de sa\u00fade que, em 2014, criaram a campanha \u201cJaneiro Branco\u201d, que visa conscientizar a popula\u00e7\u00e3o sobre a import\u00e2ncia de cuidar da sa\u00fade mental. Inclu\u00edda recentemente no Calend\u00e1rio [&hellip;]<\/p>\n","protected":false},"author":96,"featured_media":0,"comment_status":"closed","ping_status":"closed","sticky":false,"template":"","format":"standard","meta":{"footnotes":""},"categories":[253],"tags":[],"class_list":["post-89828","post","type-post","status-publish","format-standard","hentry","category-cidade"],"_links":{"self":[{"href":"https:\/\/diarioregionaldigital.com.br\/index.php?rest_route=\/wp\/v2\/posts\/89828","targetHints":{"allow":["GET"]}}],"collection":[{"href":"https:\/\/diarioregionaldigital.com.br\/index.php?rest_route=\/wp\/v2\/posts"}],"about":[{"href":"https:\/\/diarioregionaldigital.com.br\/index.php?rest_route=\/wp\/v2\/types\/post"}],"author":[{"embeddable":true,"href":"https:\/\/diarioregionaldigital.com.br\/index.php?rest_route=\/wp\/v2\/users\/96"}],"replies":[{"embeddable":true,"href":"https:\/\/diarioregionaldigital.com.br\/index.php?rest_route=%2Fwp%2Fv2%2Fcomments&post=89828"}],"version-history":[{"count":0,"href":"https:\/\/diarioregionaldigital.com.br\/index.php?rest_route=\/wp\/v2\/posts\/89828\/revisions"}],"wp:attachment":[{"href":"https:\/\/diarioregionaldigital.com.br\/index.php?rest_route=%2Fwp%2Fv2%2Fmedia&parent=89828"}],"wp:term":[{"taxonomy":"category","embeddable":true,"href":"https:\/\/diarioregionaldigital.com.br\/index.php?rest_route=%2Fwp%2Fv2%2Fcategories&post=89828"},{"taxonomy":"post_tag","embeddable":true,"href":"https:\/\/diarioregionaldigital.com.br\/index.php?rest_route=%2Fwp%2Fv2%2Ftags&post=89828"}],"curies":[{"name":"wp","href":"https:\/\/api.w.org\/{rel}","templated":true}]}}