{"id":89827,"date":"2018-01-17T21:39:35","date_gmt":"2018-01-17T23:39:35","guid":{"rendered":"http:\/\/diarioregionaljf.com.br\/2018\/01\/17\/cartorio-benfica-18-01\/"},"modified":"2018-08-13T20:34:33","modified_gmt":"2018-08-13T23:34:33","slug":"cartorio-benfica-18-01","status":"publish","type":"post","link":"https:\/\/diarioregionaldigital.com.br\/?p=89827","title":{"rendered":"Cart\u00f3rio Benfica 18\/01"},"content":{"rendered":"<p>REP\u00daBLICA FEDERATIVA DO BRASIL ESTADO DE MINAS GERAIS<\/p>\n<p>Cart\u00f3rio de Registro Civil 3\u00ba Subdistrito &#8211; Juiz de Fora MG Oficial Titular: Mariana Sad Albuquerque e Castro<\/p>\n<p>Rua Tom\u00e9 de Souza, 49 &#8211; Lj 03 Benfica 36090270 &#8211; Juiz de Fora &#8211; MG<\/p>\n<p>Faz saber que pretendem casar-se:<br \/>01 &#8211; LEILSON BENTO CABRAL, resid\u00eancia Rua Martins Barbosa, n\u00ba847\/203, Benfica, Juiz de Fora-MG; e CAROLINE DIAS NASSORI, resid\u00eancia Rua Martins Barbosa, n\u00ba847\/203, Benfica, Juiz de Fora-MG<\/p>\n<p>02 &#8211; TIAGO DA SILVA DE ALMEIDA, resid\u00eancia Avenida Marginal, 33\/03, Ponte Preta, Juiz de Fora-MG; e GABRIELA FIRMINO AVILA, resid\u00eancia Avenida Marginal, 33\/03, Ponte Preta, Juiz de Fora-MG<\/p>\n<p>Os contraentes apresentaram os documentos exigidos pelo art.1525 do C\u00f3digo Civil Brasileiro. Se algu\u00e9m souber de algum impedimento, que os impe\u00e7am de se casar, que o fa\u00e7a na forma da Lei:<\/p>\n<p>Juiz de Fora , 17\/01\/2018<\/p>\n<p>MARIANA SAD ALBUQUERQUE E CASTRO<br \/>Oficial do Registro Civil<br \/>Cartosoft &#8211; Automa\u00e7\u00e3o de Cart\u00f3rios do Registro Civil www.cartosoft.com.br<\/p>\n","protected":false},"excerpt":{"rendered":"<p>REP\u00daBLICA FEDERATIVA DO BRASIL ESTADO DE MINAS GERAIS Cart\u00f3rio de Registro Civil 3\u00ba Subdistrito &#8211; Juiz de Fora MG Oficial Titular: Mariana Sad Albuquerque e Castro Rua Tom\u00e9 de Souza, 49 &#8211; Lj 03 Benfica 36090270 &#8211; Juiz de Fora &#8211; MG Faz saber que pretendem casar-se:01 &#8211; LEILSON BENTO CABRAL, resid\u00eancia Rua Martins Barbosa, [&hellip;]<\/p>\n","protected":false},"author":96,"featured_media":0,"comment_status":"closed","ping_status":"closed","sticky":false,"template":"","format":"standard","meta":{"footnotes":""},"categories":[307],"tags":[],"class_list":["post-89827","post","type-post","status-publish","format-standard","hentry","category-editais"],"_links":{"self":[{"href":"https:\/\/diarioregionaldigital.com.br\/index.php?rest_route=\/wp\/v2\/posts\/89827","targetHints":{"allow":["GET"]}}],"collection":[{"href":"https:\/\/diarioregionaldigital.com.br\/index.php?rest_route=\/wp\/v2\/posts"}],"about":[{"href":"https:\/\/diarioregionaldigital.com.br\/index.php?rest_route=\/wp\/v2\/types\/post"}],"author":[{"embeddable":true,"href":"https:\/\/diarioregionaldigital.com.br\/index.php?rest_route=\/wp\/v2\/users\/96"}],"replies":[{"embeddable":true,"href":"https:\/\/diarioregionaldigital.com.br\/index.php?rest_route=%2Fwp%2Fv2%2Fcomments&post=89827"}],"version-history":[{"count":0,"href":"https:\/\/diarioregionaldigital.com.br\/index.php?rest_route=\/wp\/v2\/posts\/89827\/revisions"}],"wp:attachment":[{"href":"https:\/\/diarioregionaldigital.com.br\/index.php?rest_route=%2Fwp%2Fv2%2Fmedia&parent=89827"}],"wp:term":[{"taxonomy":"category","embeddable":true,"href":"https:\/\/diarioregionaldigital.com.br\/index.php?rest_route=%2Fwp%2Fv2%2Fcategories&post=89827"},{"taxonomy":"post_tag","embeddable":true,"href":"https:\/\/diarioregionaldigital.com.br\/index.php?rest_route=%2Fwp%2Fv2%2Ftags&post=89827"}],"curies":[{"name":"wp","href":"https:\/\/api.w.org\/{rel}","templated":true}]}}