{"id":89820,"date":"2018-01-17T19:51:59","date_gmt":"2018-01-17T21:51:59","guid":{"rendered":"http:\/\/diarioregionaljf.com.br\/2018\/01\/17\/pgr-defende-manutencao-da-prisao-de-jorge-picciani\/"},"modified":"2018-01-17T19:51:59","modified_gmt":"2018-01-17T21:51:59","slug":"pgr-defende-manutencao-da-prisao-de-jorge-picciani","status":"publish","type":"post","link":"https:\/\/diarioregionaldigital.com.br\/?p=89820","title":{"rendered":"PGR defende manuten\u00e7\u00e3o da pris\u00e3o de Jorge Picciani"},"content":{"rendered":"<p>A Procuradoria-Geral da Rep\u00fablica (PGR) enviou parecer ao Supremo Tribunal Federal (STF) contra a soltura do deputado estadual Jorge Picciani (MDB), presidente licenciado da Assembleia Legislativa do Rio de Janeiro (Alerj). O parlamentar foi preso na Opera\u00e7\u00e3o Cadeia Velha, da Pol\u00edcia Federal (PF), em novembro do ano passado sob a suspeita de ter recebido propina de empresas de \u00f4nibus, que em troca seriam beneficiadas com isen\u00e7\u00f5es fiscais e aumentos de tarifa.<\/p>\n<p>No entendimento da subprocuradora Claudia Sampaio Marques, a pris\u00e3o preventiva de Picciani \u00e9 necess\u00e1ria para interromper atos il\u00edcitos que tiveram in\u00edcio na d\u00e9cada de 1990 e perduraram at\u00e9 o ano passado. De acordo com o parecer, os fatos investigados evidenciam \u201cum monumental esquema de corrup\u00e7\u00e3o\u201d.<\/p>\n<p>\u201cTrata-se de esquema consolidado no \u00e2mbito da Assembleia Legislativa do Estado do Rio de Janeiro, sob o comando do paciente e dos demais parlamentares envolvidos, sendo necess\u00e1ria a pris\u00e3o n\u00e3o somente para fazer cessar a pr\u00e1tica delitiva, como tamb\u00e9m para permitir que as investiga\u00e7\u00f5es transcorram sem os percal\u00e7os que ocorreriam com a liberdade dos investigados\u201d, argumenta a procuradora.<\/p>\n<p>O parecer ser\u00e1 inserido no habeas corpus, relatado pelo ministro Dias Toffoli, no qual a defesa do Picciani busca a soltura do parlamentar. O advogado N\u00e9lio Machado sustenta que a pris\u00e3o \u00e9 descabida e ilegal por n\u00e3o levar em conta o estado de sa\u00fade do deputado, que passou por uma cirurgia recentemente.<\/p>\n<p>Fonte: Ag\u00eancia Brasil<\/p>\n","protected":false},"excerpt":{"rendered":"<p>A Procuradoria-Geral da Rep\u00fablica (PGR) enviou parecer ao Supremo Tribunal Federal (STF) contra a soltura do deputado estadual Jorge Picciani (MDB), presidente licenciado da Assembleia Legislativa do Rio de Janeiro (Alerj). O parlamentar foi preso na Opera\u00e7\u00e3o Cadeia Velha, da Pol\u00edcia Federal (PF), em novembro do ano passado sob a suspeita de ter recebido propina [&hellip;]<\/p>\n","protected":false},"author":96,"featured_media":89819,"comment_status":"closed","ping_status":"closed","sticky":false,"template":"","format":"standard","meta":{"footnotes":""},"categories":[254],"tags":[],"class_list":["post-89820","post","type-post","status-publish","format-standard","has-post-thumbnail","hentry","category-politica"],"_links":{"self":[{"href":"https:\/\/diarioregionaldigital.com.br\/index.php?rest_route=\/wp\/v2\/posts\/89820","targetHints":{"allow":["GET"]}}],"collection":[{"href":"https:\/\/diarioregionaldigital.com.br\/index.php?rest_route=\/wp\/v2\/posts"}],"about":[{"href":"https:\/\/diarioregionaldigital.com.br\/index.php?rest_route=\/wp\/v2\/types\/post"}],"author":[{"embeddable":true,"href":"https:\/\/diarioregionaldigital.com.br\/index.php?rest_route=\/wp\/v2\/users\/96"}],"replies":[{"embeddable":true,"href":"https:\/\/diarioregionaldigital.com.br\/index.php?rest_route=%2Fwp%2Fv2%2Fcomments&post=89820"}],"version-history":[{"count":0,"href":"https:\/\/diarioregionaldigital.com.br\/index.php?rest_route=\/wp\/v2\/posts\/89820\/revisions"}],"wp:featuredmedia":[{"embeddable":true,"href":"https:\/\/diarioregionaldigital.com.br\/index.php?rest_route=\/wp\/v2\/media\/89819"}],"wp:attachment":[{"href":"https:\/\/diarioregionaldigital.com.br\/index.php?rest_route=%2Fwp%2Fv2%2Fmedia&parent=89820"}],"wp:term":[{"taxonomy":"category","embeddable":true,"href":"https:\/\/diarioregionaldigital.com.br\/index.php?rest_route=%2Fwp%2Fv2%2Fcategories&post=89820"},{"taxonomy":"post_tag","embeddable":true,"href":"https:\/\/diarioregionaldigital.com.br\/index.php?rest_route=%2Fwp%2Fv2%2Ftags&post=89820"}],"curies":[{"name":"wp","href":"https:\/\/api.w.org\/{rel}","templated":true}]}}