{"id":89818,"date":"2018-01-17T19:50:14","date_gmt":"2018-01-17T21:50:14","guid":{"rendered":"http:\/\/diarioregionaljf.com.br\/2018\/01\/17\/camara-municipal-define-empresa-responsavel-por-montar-o-concurso-que-vai-oferecer-30-vagas\/"},"modified":"2018-01-17T19:50:14","modified_gmt":"2018-01-17T21:50:14","slug":"camara-municipal-define-empresa-responsavel-por-montar-o-concurso-que-vai-oferecer-30-vagas","status":"publish","type":"post","link":"https:\/\/diarioregionaldigital.com.br\/?p=89818","title":{"rendered":"C\u00e2mara Municipal define empresa respons\u00e1vel por montar o concurso que vai oferecer 30 vagas"},"content":{"rendered":"<p>A Consulpam &#8211; Consultoria P\u00fablico &#8211; Privada, de Fortaleza (Cear\u00e1), ser\u00e1 a empresa respons\u00e1vel por organizar o concurso p\u00fablico da C\u00e2mara Municipal de Juiz de Fora (CMJF), que vai oferecer 30 vagas para o quadro efetivo de pessoal da Casa. O preg\u00e3o presencial, do tipo menor pre\u00e7o, aconteceu nessa quarta-feira, 17, e contou com a participa\u00e7\u00e3o de cinco empresas: Seap (Belo Horizonte), Instituto IBDO (Rio Bonito\/RJ), MS Concursos (Mato Grosso do Sul), RBO Concursos (S\u00e3o Paulo), al\u00e9m da Consulpam, que j\u00e1 organizou 36 concursos no pa\u00eds. O valor final do preg\u00e3o ficou em R$86.248,60.<\/p>\n<p>O pr\u00f3ximo passo agora ser\u00e1 a homologa\u00e7\u00e3o do resultado, que deve ser realizado nos pr\u00f3ximos dias e a assinatura do contrato com a empresa vencedora. A previs\u00e3o \u00e9 que o edital do concurso seja publicado 60 dias ap\u00f3s a assinatura do contrato.<\/p>\n<p>A inten\u00e7\u00e3o de ampliar o n\u00famero de concursados foi manifestada pelo presidente da C\u00e2mara, Rodrigo Mattos (PSDB), desde o in\u00edcio da sua primeira gest\u00e3o \u00e0 frente da Casa, no bi\u00eanio 2015\/2016.<\/p>\n<p>\u201cUm dos intuitos \u00e9 equilibrar o n\u00famero de servidores de carreira em rela\u00e7\u00e3o ao quadro de comissionados. Al\u00e9m disso, o corpo de Analistas em diversas \u00e1reas de conhecimento tornar\u00e1 ainda mais eficiente o trabalho dos vereadores nas comiss\u00f5es permanentes, na elabora\u00e7\u00e3o de projetos de lei, em plen\u00e1rio e mesmo na estrutura administrativa. Os demais cargos a serem preenchidos tamb\u00e9m foram estrategicamente criados para garantir maior efici\u00eancia \u00e0s atividades desenvolvidas pela C\u00e2mara Municipal\u201d, afirma Mattos.<\/p>\n<p>Fonte: Assessoria<\/p>\n","protected":false},"excerpt":{"rendered":"<p>A Consulpam &#8211; Consultoria P\u00fablico &#8211; Privada, de Fortaleza (Cear\u00e1), ser\u00e1 a empresa respons\u00e1vel por organizar o concurso p\u00fablico da C\u00e2mara Municipal de Juiz de Fora (CMJF), que vai oferecer 30 vagas para o quadro efetivo de pessoal da Casa. O preg\u00e3o presencial, do tipo menor pre\u00e7o, aconteceu nessa quarta-feira, 17, e contou com a [&hellip;]<\/p>\n","protected":false},"author":96,"featured_media":89817,"comment_status":"closed","ping_status":"closed","sticky":false,"template":"","format":"standard","meta":{"footnotes":""},"categories":[254],"tags":[],"class_list":["post-89818","post","type-post","status-publish","format-standard","has-post-thumbnail","hentry","category-politica"],"_links":{"self":[{"href":"https:\/\/diarioregionaldigital.com.br\/index.php?rest_route=\/wp\/v2\/posts\/89818","targetHints":{"allow":["GET"]}}],"collection":[{"href":"https:\/\/diarioregionaldigital.com.br\/index.php?rest_route=\/wp\/v2\/posts"}],"about":[{"href":"https:\/\/diarioregionaldigital.com.br\/index.php?rest_route=\/wp\/v2\/types\/post"}],"author":[{"embeddable":true,"href":"https:\/\/diarioregionaldigital.com.br\/index.php?rest_route=\/wp\/v2\/users\/96"}],"replies":[{"embeddable":true,"href":"https:\/\/diarioregionaldigital.com.br\/index.php?rest_route=%2Fwp%2Fv2%2Fcomments&post=89818"}],"version-history":[{"count":0,"href":"https:\/\/diarioregionaldigital.com.br\/index.php?rest_route=\/wp\/v2\/posts\/89818\/revisions"}],"wp:featuredmedia":[{"embeddable":true,"href":"https:\/\/diarioregionaldigital.com.br\/index.php?rest_route=\/wp\/v2\/media\/89817"}],"wp:attachment":[{"href":"https:\/\/diarioregionaldigital.com.br\/index.php?rest_route=%2Fwp%2Fv2%2Fmedia&parent=89818"}],"wp:term":[{"taxonomy":"category","embeddable":true,"href":"https:\/\/diarioregionaldigital.com.br\/index.php?rest_route=%2Fwp%2Fv2%2Fcategories&post=89818"},{"taxonomy":"post_tag","embeddable":true,"href":"https:\/\/diarioregionaldigital.com.br\/index.php?rest_route=%2Fwp%2Fv2%2Ftags&post=89818"}],"curies":[{"name":"wp","href":"https:\/\/api.w.org\/{rel}","templated":true}]}}