{"id":89816,"date":"2018-01-17T19:40:05","date_gmt":"2018-01-17T21:40:05","guid":{"rendered":"http:\/\/diarioregionaljf.com.br\/2018\/01\/17\/prefeitura-de-barbacena-convoca-populacao-para-se-vacinar-contra-a-febre-amarela\/"},"modified":"2018-01-17T19:40:05","modified_gmt":"2018-01-17T21:40:05","slug":"prefeitura-de-barbacena-convoca-populacao-para-se-vacinar-contra-a-febre-amarela","status":"publish","type":"post","link":"https:\/\/diarioregionaldigital.com.br\/?p=89816","title":{"rendered":"Prefeitura de Barbacena convoca popula\u00e7\u00e3o para se vacinar contra a febre amarela"},"content":{"rendered":"<p>A Prefeitura de Barbacena, atrav\u00e9s da Secretaria Municipal de Sa\u00fade e Programas Sociais (Sesaps), pede \u00e0 popula\u00e7\u00e3o que ainda n\u00e3o se vacinou contra a febre amarela para procurar a Unidade B\u00e1sica de Sa\u00fade (UBS) mais pr\u00f3xima, de segunda a sexta, no hor\u00e1rio de 7h \u00e0s 11h e de 13h \u00e0s 17h. A vacina, que \u00e9 a \u00fanica forma de preven\u00e7\u00e3o contra a doen\u00e7a, est\u00e1 dispon\u00edvel em todas as UBS do Munic\u00edpio. O trabalho est\u00e1 sendo intensificado ap\u00f3s a identifica\u00e7\u00e3o de casos em Minas Gerais.<\/p>\n<p>Para receber a dose, a apresenta\u00e7\u00e3o do Cart\u00e3o de Vacina\u00e7\u00e3o \u00e9 importante para a avalia\u00e7\u00e3o do status vacinal, assim como a pesquisa do hist\u00f3rico de vacina\u00e7\u00e3o na UBS onde a pessoa se vacinou anteriormente, n\u00e3o incorrendo na possibilidade de vacina\u00e7\u00e3o excessiva e futuros efeitos adversos, comprometendo a sa\u00fade. Estas s\u00e3o as medidas adotadas:<\/p>\n<p>&#8211; Pessoas portando Cart\u00e3o de Vacina\u00e7\u00e3o, com registro de uma dose, em idade at\u00e9 59 anos, est\u00e3o imunizadas definitivamente. N\u00e3o h\u00e1 dose de refor\u00e7o.<\/p>\n<p>&#8211; Pessoa com 60 ou mais anos e\/ou portadoras de doen\u00e7as de imunossupress\u00e3o, outras patologias e\/ou medicamentos que interferem na imunidade, o m\u00e9dico avaliar\u00e1 o benef\u00edcio e o risco da vacina\u00e7\u00e3o, levando em conta o risco da doen\u00e7a e o risco de eventos adversos nessa faixa et\u00e1ria ou decorrentes de comorbidades.<\/p>\n<p>&#8211; A vacina contra a febre amarela \u00e9 contraindicada para gestante, pu\u00e9rperas amamentando crian\u00e7as de at\u00e9 seis meses, pessoas al\u00e9rgicas a ovo, al\u00e9rgicas a algum componente da vacina, entre outras. Pessoas que ir\u00e3o viajar para \u00e1reas com casos da doen\u00e7a devem se vacinar pelo menos 10 dias antes do compromisso.<\/p>\n<p>&#8211; Para pessoas sem o Cart\u00e3o de Vacina\u00e7\u00e3o ou hist\u00f3rico vacinal, ser\u00e1 realizada a aplica\u00e7\u00e3o de acordo com a idade e o Calend\u00e1rio Nacional.<\/p>\n<p>&nbsp;<\/p>\n<p>A Prefeitura ressalta que a febre amarela n\u00e3o \u00e9 transmitida por macacos. A doen\u00e7a s\u00f3 \u00e9 transmitida pelo mosquito. Os primatas servem como indicadores da presen\u00e7a do v\u00edrus em determinada regi\u00e3o. Eles s\u00e3o vulner\u00e1veis ao v\u00edrus e a infec\u00e7\u00e3o confirmada ajuda a elaborar a\u00e7\u00f5es de preven\u00e7\u00e3o da doen\u00e7a em humanos. Caso encontre um animal morto, a popula\u00e7\u00e3o deve entrar em contato com o setor de Vigil\u00e2ncia Epidemiol\u00f3gica da Sesaps, atrav\u00e9s do telefone (32) 3339-2189.<\/p>\n<p>&nbsp;<\/p>\n<p>Fonte: Assessoria<\/p>\n","protected":false},"excerpt":{"rendered":"<p>A Prefeitura de Barbacena, atrav\u00e9s da Secretaria Municipal de Sa\u00fade e Programas Sociais (Sesaps), pede \u00e0 popula\u00e7\u00e3o que ainda n\u00e3o se vacinou contra a febre amarela para procurar a Unidade B\u00e1sica de Sa\u00fade (UBS) mais pr\u00f3xima, de segunda a sexta, no hor\u00e1rio de 7h \u00e0s 11h e de 13h \u00e0s 17h. A vacina, que \u00e9 [&hellip;]<\/p>\n","protected":false},"author":96,"featured_media":89815,"comment_status":"closed","ping_status":"closed","sticky":false,"template":"","format":"standard","meta":{"footnotes":""},"categories":[252],"tags":[],"class_list":["post-89816","post","type-post","status-publish","format-standard","has-post-thumbnail","hentry","category-regiao"],"_links":{"self":[{"href":"https:\/\/diarioregionaldigital.com.br\/index.php?rest_route=\/wp\/v2\/posts\/89816","targetHints":{"allow":["GET"]}}],"collection":[{"href":"https:\/\/diarioregionaldigital.com.br\/index.php?rest_route=\/wp\/v2\/posts"}],"about":[{"href":"https:\/\/diarioregionaldigital.com.br\/index.php?rest_route=\/wp\/v2\/types\/post"}],"author":[{"embeddable":true,"href":"https:\/\/diarioregionaldigital.com.br\/index.php?rest_route=\/wp\/v2\/users\/96"}],"replies":[{"embeddable":true,"href":"https:\/\/diarioregionaldigital.com.br\/index.php?rest_route=%2Fwp%2Fv2%2Fcomments&post=89816"}],"version-history":[{"count":0,"href":"https:\/\/diarioregionaldigital.com.br\/index.php?rest_route=\/wp\/v2\/posts\/89816\/revisions"}],"wp:featuredmedia":[{"embeddable":true,"href":"https:\/\/diarioregionaldigital.com.br\/index.php?rest_route=\/wp\/v2\/media\/89815"}],"wp:attachment":[{"href":"https:\/\/diarioregionaldigital.com.br\/index.php?rest_route=%2Fwp%2Fv2%2Fmedia&parent=89816"}],"wp:term":[{"taxonomy":"category","embeddable":true,"href":"https:\/\/diarioregionaldigital.com.br\/index.php?rest_route=%2Fwp%2Fv2%2Fcategories&post=89816"},{"taxonomy":"post_tag","embeddable":true,"href":"https:\/\/diarioregionaldigital.com.br\/index.php?rest_route=%2Fwp%2Fv2%2Ftags&post=89816"}],"curies":[{"name":"wp","href":"https:\/\/api.w.org\/{rel}","templated":true}]}}